{"id":176,"date":"2024-01-17T12:45:31","date_gmt":"2024-01-17T11:45:31","guid":{"rendered":"https:\/\/rudasrend.hu\/?p=176"},"modified":"2025-04-11T12:26:17","modified_gmt":"2025-04-11T10:26:17","slug":"a-rudas-rend-elo-tagjai-2","status":"publish","type":"post","link":"http:\/\/rudasrend.hu\/?p=176","title":{"rendered":"H\u00e9lisz J\u00f3zsef"},"content":{"rendered":"<p><strong><img loading=\"lazy\" decoding=\"async\" class=\"alignnone size-full wp-image-175\" src=\"http:\/\/rudasrend.hu\/wp-content\/uploads\/2024\/01\/Helisz-Jozsef.jpg\" alt=\"\" width=\"199\" height=\"300\" \/>H\u00e9lisz J\u00f3zsef<\/strong> 1940. m\u00e1jus 20-\u00e1n sz\u00fcletett Budapesten. <!--more--><\/p>\n<p>\u00c9desap\u00e1m, id. H\u00e9lisz J\u00f3zsef az Elektromos M\u0171vek tisztvisel\u0151je volt, \u00c9desany\u00e1m, sz\u00fcl. Petzl Ilona a h\u00e1ztart\u00e1st vezette. Fi\u00fatestv\u00e9rem, Gy\u00f6rgy m\u00e1sf\u00e9l \u00e9vvel ut\u00e1nam sz\u00fcletett.<\/p>\n<p>\u00c1ltal\u00e1nos \u00e9s k\u00f6z\u00e9piskol\u00e1s koromban a tanul\u00e1s mellett hobbik\u00e9nt rendszeresen sportoltam. \u00dasztam az Elektromos uszod\u00e1ban, bar\u00e1ti t\u00e1rsas\u00e1gban futballoztam, tagja voltam a di\u00e1kbajnoks\u00e1gban indul\u00f3 iskolai k\u00e9zilabda v\u00e1logatottnak. B\u00e1r szeretettem sportolni, igaz\u00e1n azonban egyik sport\u00e1ghoz sem volt komolyabb tehets\u00e9gem.<\/p>\n<p>Az \u00e1ltal\u00e1nos iskola elv\u00e9gz\u00e9se ut\u00e1n k\u00f6z\u00e9piskol\u00e1sk\u00e9nt a Kand\u00f3 K\u00e1lm\u00e1n H\u00edrad\u00e1s- \u00e9s M\u0171szeripari Technikumban tanultam, ahol az \u00e9retts\u00e9givel egy\u00fctt m\u0171szeripari technikusi oklevelet kaptam. Fels\u0151fok\u00fa tanulm\u00e1nyaimat &#8211; az id\u0151k\u00f6zben f\u0151iskol\u00e1v\u00e1 szervezett &#8211; Kand\u00f3ban v\u00e9geztem, ahol villamos \u00fczemm\u00e9rn\u00f6ki diplom\u00e1t szereztem.<\/p>\n<p>El\u0151sz\u00f6r az Egyetemi Nyomd\u00e1ban v\u00e1llaltam munk\u00e1t. Ezt k\u00f6vet\u0151en a VEGYTERV-ben szerkeszt\u0151k\u00e9nt, majd tervez\u0151k\u00e9nt, v\u00e9g\u00fcl \u00f6n\u00e1ll\u00f3 tervez\u0151k\u00e9nt dolgoztam. \u00c9n voltam az els\u0151 hazai tervez\u00e9s\u0171 \u00e9s technol\u00f3gi\u00e1j\u00fa \u00fczem, a kazincbarcikai BVK Kaprolakt\u00e1m gy\u00e1r, valamint az els\u0151 magyar export\u00e1lt vegyipari gy\u00e1r, az osztravai Chemicke Zavody szorbit \u00fczem\u00e9nek m\u0171szerez\u00e9si tervez\u0151je. K\u00e9s\u0151bb az EGI ir\u00e1ny\u00edt\u00f3 tervez\u0151jek\u00e9nt r\u00e9szt vettem az els\u0151 hazai t\u00e1vfel\u00fcgyelt kaz\u00e1nh\u00e1zak automatiz\u00e1l\u00e1s\u00e1nak tervez\u00e9s\u00e9ben \u00e9s megval\u00f3s\u00edt\u00e1s\u00e1ban. Ezt k\u00f6vet\u0151en a VEGY\u00c9PSZER Gener\u00e1ltervez\u00e9si Irod\u00e1j\u00e1nak oszt\u00e1lyvezet\u0151jek\u00e9nt a magyar ipar addigi legnagyobb k\u00fclf\u00f6ldi beruh\u00e1z\u00e1s\u00e1nak, a tengizi K\u0151olaj- \u00e9s G\u00e1zkompresszum hazai ir\u00e1ny\u00edt\u00e1stechnikai f\u0151tervez\u0151je voltam. 2000-ben az OLAJTERV-b\u0151l mentem nyugd\u00edjba.<\/p>\n<p>1966-ban n\u0151s\u00fcltem. A villamosm\u00e9rn\u00f6k Kurovszy Zsuzsann\u00e1val k\u00f6t\u00f6tt h\u00e1zass\u00e1gomb\u00f3l 1967-ben egy l\u00e1nyom, Katalin sz\u00fcletett. Feles\u00e9gem korai hal\u00e1la ut\u00e1n m\u00e1sodszor is megn\u0151s\u00fcltem. M\u00e1sodik feles\u00e9gem a munka\u00fcgyi el\u0151ad\u00f3 Erd\u0151si \u00c9va lett. 1997-ben \u00e9s 2000-ben asszonyl\u00e1nyom egy-egy unok\u00e1val, Liliennel \u00e9s Robinnal aj\u00e1nd\u00e9kozott meg.<\/p>\n<p>A Fradizmust \u00c9desap\u00e1m oltotta bel\u00e9m, aki ifj\u00fa kor\u00e1ban h\u00e1romszoros ifj\u00fas\u00e1gi bajnok volt az FTC csapat\u00e1val. \u00c9desap\u00e1m \u00e9rmeit 2012-ben a Fradi M\u00fazeumnak aj\u00e1nd\u00e9koztam.<\/p>\n<p>A N\u00e9pstadion 1953-as megnyit\u00e1sa \u00f3ta rendszeresen szurkoltam az FTC hazai meccsein. 1957-ben a B-k\u00f6z\u00e9p tagja lettem, 1959-ben pedig p\u00e1rtol\u00f3 tagk\u00e9nt bel\u00e9ptem az FTC-be, amelynek 2006 \u00f3ta a rendes tagja is vagyok. 1999-ben az \u201eFTC centen\u00e1riumi \u00f6r\u00f6k\u00f6s tagja&#8221; lettem.<\/p>\n<p>A m\u00e9g t\u00e1rsadalmi szervezetk\u00e9nt m\u0171k\u00f6d\u0151 FTC Bar\u00e1ti K\u00f6rbe 1977-ben l\u00e9ptem be, ahol r\u00f6videsen az eln\u00f6ks\u00e9g tagja lettem.\u00a0 Az FTC Bar\u00e1ti K\u00f6r 1983-as egyes\u00fclett\u00e9 alakul\u00e1sakor annak alap\u00edt\u00f3 tagja voltam, majd 1990-ben titk\u00e1rr\u00e1 v\u00e1lasztott\u00e1k. 2000-ben az akkor l\u00e9trehozott f\u0151titk\u00e1ri tiszts\u00e9get kaptam meg, amelyet 2017-ig t\u00f6lt\u00f6ttem be. F\u0151tik\u00e1rk\u00e9nt egyebek k\u00f6z\u00f6tt javasoltam, hogy a n\u00e9pligeti k\u00e9zilabda csarnokot nevezz\u00e9k el Elek Gyul\u00e1r\u00f3l, tov\u00e1bb\u00e1 az a sporttelep, amelyen Varga Zolt\u00e1n utolj\u00e1ra l\u00e9pett p\u00e1ly\u00e1ra viselje az \u0151 nev\u00e9t. Kezdem\u00e9nyez\u00e9semre l\u00e9tes\u00fclt a Soroks\u00e1ri \u00fati els\u0151 FTC p\u00e1lya eml\u00e9km\u0171ve. Tev\u00e9kenyen r\u00e9sz vettem a Rezs\u0151 t\u00e9ren az \u201e\u0150sfradist\u00e1k\u201d eml\u00e9kparkj\u00e1nak l\u00e9trehoz\u00e1s\u00e1ban. Az \u00e9n \u00f6tletem alapj\u00e1n val\u00f3sult meg a K\u00e1lv\u00e1ria t\u00e9ren a Kocsis eml\u00e9km\u0171. Kezdem\u00e9nyeztem Kalocsai G\u00e9za dr., az els\u0151 magyar nemzetis\u00e9g\u0171 vil\u00e1gbajnoki \u00e9rmes labdar\u00fag\u00f3 eml\u00e9kt\u00e1bl\u00e1j\u00e1nak fel\u00e1ll\u00edt\u00e1s\u00e1t a beregsz\u00e1szi sz\u00fcl\u0151h\u00e1z\u00e1n, amely az els\u0151 trianoni hat\u00e1ron t\u00fali fradista eml\u00e9km\u0171. Javasoltam a Bar\u00e1ti K\u00f6rnek a Rudas eml\u00e9kk\u00f6nyv kiad\u00e1s\u00e1t, valamint tev\u00e9kenyen k\u00f6zrem\u0171k\u00f6dtem a Springer \u00e9s a Friedmanszky f\u00fczetek megjelentet\u00e9s\u00e9ben. Javaslatomra hozta l\u00e9tre a Bar\u00e1ti K\u00f6r k\u00f6zgy\u0171l\u00e9se a t\u00f6rzsg\u00e1rda tags\u00e1g rendszer\u00e9t, megalkottam a Bar\u00e1ti K\u00f6r jelszav\u00e1t \u00e9s a fradista k\u00f6sz\u00f6nt\u00e9st.<br \/>\nA Groupama Ar\u00e9na fel\u00e9p\u00fclte ut\u00e1n bevezettem, hogy az ott l\u00e9v\u0151 sky-boxokn\u00e1l a n\u00e9vad\u00f3k hal\u00e1l\u00e1nak kerek \u00e9vfordul\u00f3j\u00e1n a Bar\u00e1ti K\u00f6r \u00e9s a Fradi M\u00fazeum k\u00f6z\u00f6s megeml\u00e9kez\u00e9seket tartson.<\/p>\n<p>2009-ben megkaptam az \u201eFTC Bar\u00e1ti K\u00f6r bab\u00e9rkoszor\u00fas tagja\u201d kit\u00fcntet\u0151 oklevelet.<\/p>\n<p>M\u00e9g j\u00f3val a rendszerv\u00e1lt\u00e1s el\u0151tt k\u00fcl\u00f6nb\u00f6z\u0151 illeg\u00e1lis mag\u00e1n rendezv\u00e9nyeken idehaza \u00e9s az elcsatolt ter\u00fcleteken, de a k\u00fclf\u00f6ld\u00f6n \u00e9l\u0151 magyarok k\u00f6r\u00e9ben is t\u00f6bbsz\u00f6r r\u00e9szletesen ismertettem az 1956-os forradalom val\u00f3di t\u00f6rt\u00e9n\u00e9seit. Ezen tev\u00e9kenys\u00e9gemnek elismer\u00e9sek\u00e9nt 2006-ban az 56-os Vit\u00e9zi Lovagrend vit\u00e9zz\u00e9 avatott.<\/p>\n<p>2015-ben az els\u0151k k\u00f6z\u00f6tt lehettem a Rudas Ferenc \u00e1ltal alap\u00edtott, az FTC-\u00e9rt nem sportol\u00f3k\u00e9nt sokat tetteknek adom\u00e1nyozhat\u00f3 Rudas-rend tagja.<\/p>\n","protected":false},"excerpt":{"rendered":"<p>H\u00e9lisz J\u00f3zsef 1940. m\u00e1jus 20-\u00e1n sz\u00fcletett Budapesten.<\/p>\n","protected":false},"author":1,"featured_media":0,"comment_status":"open","ping_status":"open","sticky":false,"template":"","format":"standard","meta":{"_monsterinsights_skip_tracking":false,"_monsterinsights_sitenote_active":false,"_monsterinsights_sitenote_note":"","_monsterinsights_sitenote_category":0,"footnotes":""},"categories":[20,9],"tags":[19,18,5],"class_list":["post-176","post","type-post","status-publish","format-standard","hentry","category-elo-tagok","category-tagok","tag-elo-tagok","tag-helisz-jozsef","tag-tagok"],"yoast_head":"<!-- This site is optimized with the Yoast SEO plugin v26.7 - https:\/\/yoast.com\/wordpress\/plugins\/seo\/ -->\n<title>H\u00e9lisz J\u00f3zsef - Rudas-rend<\/title>\n<meta name=\"robots\" content=\"index, follow, max-snippet:-1, max-image-preview:large, max-video-preview:-1\" \/>\n<link rel=\"canonical\" href=\"http:\/\/rudasrend.hu\/?p=176\" \/>\n<meta property=\"og:locale\" content=\"hu_HU\" \/>\n<meta property=\"og:type\" content=\"article\" \/>\n<meta property=\"og:title\" content=\"H\u00e9lisz J\u00f3zsef - Rudas-rend\" \/>\n<meta property=\"og:description\" content=\"H\u00e9lisz J\u00f3zsef 1940. m\u00e1jus 20-\u00e1n sz\u00fcletett Budapesten.\" \/>\n<meta property=\"og:url\" content=\"http:\/\/rudasrend.hu\/?p=176\" \/>\n<meta property=\"og:site_name\" content=\"Rudas-rend\" \/>\n<meta property=\"article:published_time\" content=\"2024-01-17T11:45:31+00:00\" \/>\n<meta property=\"article:modified_time\" content=\"2025-04-11T10:26:17+00:00\" \/>\n<meta property=\"og:image\" content=\"http:\/\/rudasrend.hu\/wp-content\/uploads\/2024\/01\/Helisz-Jozsef.jpg\" \/>\n<meta name=\"author\" content=\"Simon S\u00e1ndor\" \/>\n<meta name=\"twitter:card\" content=\"summary_large_image\" \/>\n<meta name=\"twitter:label1\" content=\"Szerz\u0151:\" \/>\n\t<meta name=\"twitter:data1\" content=\"Simon S\u00e1ndor\" \/>\n\t<meta name=\"twitter:label2\" content=\"Becs\u00fclt olvas\u00e1si id\u0151\" \/>\n\t<meta name=\"twitter:data2\" content=\"4 perc\" \/>\n<script type=\"application\/ld+json\" class=\"yoast-schema-graph\">{\"@context\":\"https:\/\/schema.org\",\"@graph\":[{\"@type\":\"Article\",\"@id\":\"http:\/\/rudasrend.hu\/?p=176#article\",\"isPartOf\":{\"@id\":\"http:\/\/rudasrend.hu\/?p=176\"},\"author\":{\"name\":\"Simon S\u00e1ndor\",\"@id\":\"https:\/\/rudasrend.hu\/#\/schema\/person\/513ef7184bc873df647f8195a195bb8b\"},\"headline\":\"H\u00e9lisz J\u00f3zsef\",\"datePublished\":\"2024-01-17T11:45:31+00:00\",\"dateModified\":\"2025-04-11T10:26:17+00:00\",\"mainEntityOfPage\":{\"@id\":\"http:\/\/rudasrend.hu\/?p=176\"},\"wordCount\":912,\"commentCount\":0,\"image\":{\"@id\":\"http:\/\/rudasrend.hu\/?p=176#primaryimage\"},\"thumbnailUrl\":\"http:\/\/rudasrend.hu\/wp-content\/uploads\/2024\/01\/Helisz-Jozsef.jpg\",\"keywords\":[\"\u00c9l\u0151 tagok\",\"H\u00e9lisz J\u00f3zsef\",\"Tagok\"],\"articleSection\":[\"\u00c9l\u0151 tagok\",\"Tagok\"],\"inLanguage\":\"hu\",\"potentialAction\":[{\"@type\":\"CommentAction\",\"name\":\"Comment\",\"target\":[\"http:\/\/rudasrend.hu\/?p=176#respond\"]}]},{\"@type\":\"WebPage\",\"@id\":\"http:\/\/rudasrend.hu\/?p=176\",\"url\":\"http:\/\/rudasrend.hu\/?p=176\",\"name\":\"H\u00e9lisz J\u00f3zsef - Rudas-rend\",\"isPartOf\":{\"@id\":\"https:\/\/rudasrend.hu\/#website\"},\"primaryImageOfPage\":{\"@id\":\"http:\/\/rudasrend.hu\/?p=176#primaryimage\"},\"image\":{\"@id\":\"http:\/\/rudasrend.hu\/?p=176#primaryimage\"},\"thumbnailUrl\":\"http:\/\/rudasrend.hu\/wp-content\/uploads\/2024\/01\/Helisz-Jozsef.jpg\",\"datePublished\":\"2024-01-17T11:45:31+00:00\",\"dateModified\":\"2025-04-11T10:26:17+00:00\",\"author\":{\"@id\":\"https:\/\/rudasrend.hu\/#\/schema\/person\/513ef7184bc873df647f8195a195bb8b\"},\"breadcrumb\":{\"@id\":\"http:\/\/rudasrend.hu\/?p=176#breadcrumb\"},\"inLanguage\":\"hu\",\"potentialAction\":[{\"@type\":\"ReadAction\",\"target\":[\"http:\/\/rudasrend.hu\/?p=176\"]}]},{\"@type\":\"ImageObject\",\"inLanguage\":\"hu\",\"@id\":\"http:\/\/rudasrend.hu\/?p=176#primaryimage\",\"url\":\"http:\/\/rudasrend.hu\/wp-content\/uploads\/2024\/01\/Helisz-Jozsef.jpg\",\"contentUrl\":\"http:\/\/rudasrend.hu\/wp-content\/uploads\/2024\/01\/Helisz-Jozsef.jpg\",\"width\":199,\"height\":300},{\"@type\":\"BreadcrumbList\",\"@id\":\"http:\/\/rudasrend.hu\/?p=176#breadcrumb\",\"itemListElement\":[{\"@type\":\"ListItem\",\"position\":1,\"name\":\"Home\",\"item\":\"https:\/\/rudasrend.hu\/\"},{\"@type\":\"ListItem\",\"position\":2,\"name\":\"H\u00e9lisz J\u00f3zsef\"}]},{\"@type\":\"WebSite\",\"@id\":\"https:\/\/rudasrend.hu\/#website\",\"url\":\"https:\/\/rudasrend.hu\/\",\"name\":\"Rudas-rend\",\"description\":\"\",\"potentialAction\":[{\"@type\":\"SearchAction\",\"target\":{\"@type\":\"EntryPoint\",\"urlTemplate\":\"https:\/\/rudasrend.hu\/?s={search_term_string}\"},\"query-input\":{\"@type\":\"PropertyValueSpecification\",\"valueRequired\":true,\"valueName\":\"search_term_string\"}}],\"inLanguage\":\"hu\"},{\"@type\":\"Person\",\"@id\":\"https:\/\/rudasrend.hu\/#\/schema\/person\/513ef7184bc873df647f8195a195bb8b\",\"name\":\"Simon S\u00e1ndor\",\"image\":{\"@type\":\"ImageObject\",\"inLanguage\":\"hu\",\"@id\":\"https:\/\/rudasrend.hu\/#\/schema\/person\/image\/\",\"url\":\"https:\/\/secure.gravatar.com\/avatar\/01fe8c8dc348b480851caca6505374ee0f2e750eb3c8948d84cf0606abc9c42d?s=96&d=mm&r=g\",\"contentUrl\":\"https:\/\/secure.gravatar.com\/avatar\/01fe8c8dc348b480851caca6505374ee0f2e750eb3c8948d84cf0606abc9c42d?s=96&d=mm&r=g\",\"caption\":\"Simon S\u00e1ndor\"},\"sameAs\":[\"http:\/\/rudasrend.hu\"],\"url\":\"http:\/\/rudasrend.hu\/?author=1\"}]}<\/script>\n<!-- \/ Yoast SEO plugin. -->","yoast_head_json":{"title":"H\u00e9lisz J\u00f3zsef - Rudas-rend","robots":{"index":"index","follow":"follow","max-snippet":"max-snippet:-1","max-image-preview":"max-image-preview:large","max-video-preview":"max-video-preview:-1"},"canonical":"http:\/\/rudasrend.hu\/?p=176","og_locale":"hu_HU","og_type":"article","og_title":"H\u00e9lisz J\u00f3zsef - Rudas-rend","og_description":"H\u00e9lisz J\u00f3zsef 1940. m\u00e1jus 20-\u00e1n sz\u00fcletett Budapesten.","og_url":"http:\/\/rudasrend.hu\/?p=176","og_site_name":"Rudas-rend","article_published_time":"2024-01-17T11:45:31+00:00","article_modified_time":"2025-04-11T10:26:17+00:00","og_image":[{"url":"http:\/\/rudasrend.hu\/wp-content\/uploads\/2024\/01\/Helisz-Jozsef.jpg","type":"","width":"","height":""}],"author":"Simon S\u00e1ndor","twitter_card":"summary_large_image","twitter_misc":{"Szerz\u0151:":"Simon S\u00e1ndor","Becs\u00fclt olvas\u00e1si id\u0151":"4 perc"},"schema":{"@context":"https:\/\/schema.org","@graph":[{"@type":"Article","@id":"http:\/\/rudasrend.hu\/?p=176#article","isPartOf":{"@id":"http:\/\/rudasrend.hu\/?p=176"},"author":{"name":"Simon S\u00e1ndor","@id":"https:\/\/rudasrend.hu\/#\/schema\/person\/513ef7184bc873df647f8195a195bb8b"},"headline":"H\u00e9lisz J\u00f3zsef","datePublished":"2024-01-17T11:45:31+00:00","dateModified":"2025-04-11T10:26:17+00:00","mainEntityOfPage":{"@id":"http:\/\/rudasrend.hu\/?p=176"},"wordCount":912,"commentCount":0,"image":{"@id":"http:\/\/rudasrend.hu\/?p=176#primaryimage"},"thumbnailUrl":"http:\/\/rudasrend.hu\/wp-content\/uploads\/2024\/01\/Helisz-Jozsef.jpg","keywords":["\u00c9l\u0151 tagok","H\u00e9lisz J\u00f3zsef","Tagok"],"articleSection":["\u00c9l\u0151 tagok","Tagok"],"inLanguage":"hu","potentialAction":[{"@type":"CommentAction","name":"Comment","target":["http:\/\/rudasrend.hu\/?p=176#respond"]}]},{"@type":"WebPage","@id":"http:\/\/rudasrend.hu\/?p=176","url":"http:\/\/rudasrend.hu\/?p=176","name":"H\u00e9lisz J\u00f3zsef - Rudas-rend","isPartOf":{"@id":"https:\/\/rudasrend.hu\/#website"},"primaryImageOfPage":{"@id":"http:\/\/rudasrend.hu\/?p=176#primaryimage"},"image":{"@id":"http:\/\/rudasrend.hu\/?p=176#primaryimage"},"thumbnailUrl":"http:\/\/rudasrend.hu\/wp-content\/uploads\/2024\/01\/Helisz-Jozsef.jpg","datePublished":"2024-01-17T11:45:31+00:00","dateModified":"2025-04-11T10:26:17+00:00","author":{"@id":"https:\/\/rudasrend.hu\/#\/schema\/person\/513ef7184bc873df647f8195a195bb8b"},"breadcrumb":{"@id":"http:\/\/rudasrend.hu\/?p=176#breadcrumb"},"inLanguage":"hu","potentialAction":[{"@type":"ReadAction","target":["http:\/\/rudasrend.hu\/?p=176"]}]},{"@type":"ImageObject","inLanguage":"hu","@id":"http:\/\/rudasrend.hu\/?p=176#primaryimage","url":"http:\/\/rudasrend.hu\/wp-content\/uploads\/2024\/01\/Helisz-Jozsef.jpg","contentUrl":"http:\/\/rudasrend.hu\/wp-content\/uploads\/2024\/01\/Helisz-Jozsef.jpg","width":199,"height":300},{"@type":"BreadcrumbList","@id":"http:\/\/rudasrend.hu\/?p=176#breadcrumb","itemListElement":[{"@type":"ListItem","position":1,"name":"Home","item":"https:\/\/rudasrend.hu\/"},{"@type":"ListItem","position":2,"name":"H\u00e9lisz J\u00f3zsef"}]},{"@type":"WebSite","@id":"https:\/\/rudasrend.hu\/#website","url":"https:\/\/rudasrend.hu\/","name":"Rudas-rend","description":"","potentialAction":[{"@type":"SearchAction","target":{"@type":"EntryPoint","urlTemplate":"https:\/\/rudasrend.hu\/?s={search_term_string}"},"query-input":{"@type":"PropertyValueSpecification","valueRequired":true,"valueName":"search_term_string"}}],"inLanguage":"hu"},{"@type":"Person","@id":"https:\/\/rudasrend.hu\/#\/schema\/person\/513ef7184bc873df647f8195a195bb8b","name":"Simon S\u00e1ndor","image":{"@type":"ImageObject","inLanguage":"hu","@id":"https:\/\/rudasrend.hu\/#\/schema\/person\/image\/","url":"https:\/\/secure.gravatar.com\/avatar\/01fe8c8dc348b480851caca6505374ee0f2e750eb3c8948d84cf0606abc9c42d?s=96&d=mm&r=g","contentUrl":"https:\/\/secure.gravatar.com\/avatar\/01fe8c8dc348b480851caca6505374ee0f2e750eb3c8948d84cf0606abc9c42d?s=96&d=mm&r=g","caption":"Simon S\u00e1ndor"},"sameAs":["http:\/\/rudasrend.hu"],"url":"http:\/\/rudasrend.hu\/?author=1"}]}},"_links":{"self":[{"href":"http:\/\/rudasrend.hu\/index.php?rest_route=\/wp\/v2\/posts\/176","targetHints":{"allow":["GET"]}}],"collection":[{"href":"http:\/\/rudasrend.hu\/index.php?rest_route=\/wp\/v2\/posts"}],"about":[{"href":"http:\/\/rudasrend.hu\/index.php?rest_route=\/wp\/v2\/types\/post"}],"author":[{"embeddable":true,"href":"http:\/\/rudasrend.hu\/index.php?rest_route=\/wp\/v2\/users\/1"}],"replies":[{"embeddable":true,"href":"http:\/\/rudasrend.hu\/index.php?rest_route=%2Fwp%2Fv2%2Fcomments&post=176"}],"version-history":[{"count":6,"href":"http:\/\/rudasrend.hu\/index.php?rest_route=\/wp\/v2\/posts\/176\/revisions"}],"predecessor-version":[{"id":294,"href":"http:\/\/rudasrend.hu\/index.php?rest_route=\/wp\/v2\/posts\/176\/revisions\/294"}],"wp:attachment":[{"href":"http:\/\/rudasrend.hu\/index.php?rest_route=%2Fwp%2Fv2%2Fmedia&parent=176"}],"wp:term":[{"taxonomy":"category","embeddable":true,"href":"http:\/\/rudasrend.hu\/index.php?rest_route=%2Fwp%2Fv2%2Fcategories&post=176"},{"taxonomy":"post_tag","embeddable":true,"href":"http:\/\/rudasrend.hu\/index.php?rest_route=%2Fwp%2Fv2%2Ftags&post=176"}],"curies":[{"name":"wp","href":"https:\/\/api.w.org\/{rel}","templated":true}]}}