{"id":189,"date":"2024-02-17T19:08:48","date_gmt":"2024-02-17T18:08:48","guid":{"rendered":"https:\/\/rudasrend.hu\/?p=189"},"modified":"2024-02-21T17:05:57","modified_gmt":"2024-02-21T16:05:57","slug":"a-rudas-rend-elo-tagjai-3","status":"publish","type":"post","link":"http:\/\/rudasrend.hu\/?p=189","title":{"rendered":"Sz\u00e1ntay Bal\u00e1zs"},"content":{"rendered":"<p><strong><img loading=\"lazy\" decoding=\"async\" class=\"alignnone size-full wp-image-190\" src=\"http:\/\/rudasrend.hu\/wp-content\/uploads\/2024\/02\/SzB4.jpg\" alt=\"\" width=\"231\" height=\"294\" \/>Sz\u00e1ntay Bal\u00e1zs <\/strong>1948. febru\u00e1r 4-\u00e9n sz\u00fcletett Budapesten. <!--more--><\/p>\n<p>Hamar kider\u00fclt, hogy kedvenc j\u00e1t\u00e9kszerem a labda, kedvenc id\u0151t\u00f6lt\u00e9sem a foci. \u00d3r\u00e1kon kereszt\u00fcl kiskapuztunk az utc\u00e1n, a j\u00e1tsz\u00f3tereken, a 3. emeleti k\u00f6rfolyos\u00f3n rongylabd\u00e1val gyakoroltam a Csan\u00e1di \u00c1rp\u00e1d Labdar\u00fag\u00e1s c\u00edm\u0171 k\u00f6nyv\u00e9ben k\u00e9psorozatokkal bemutatott cseleket, r\u00fag\u00e1sfajt\u00e1kat.<\/p>\n<p>1954-ben lettem fradista, azaz Bp. Kinizsi szurkol\u00f3. Az els\u0151 m\u00e9rk\u0151z\u00e9sre val\u00f3 kivitelem felt\u00e9tele az volt, hogy fel tudjam mondani az aj\u00e1nd\u00e9kba kapott Kinizsi gombfoci csapat \u00f6ssze\u00e1ll\u00edt\u00e1s\u00e1t. M\u00e9g ma is tudom, ha \u00e1lmomb\u00f3l felkeltenek, akkor is. <em>Guly\u00e1s \u2013 Omb\u00f3di, Kisp\u00e9ter, Dalnoki \u2013 Szab\u00f3, D\u00e9k\u00e1ny \u2013 L\u00e1ng, Orosz, M\u00e1trai, Vilezs\u00e1l, Fenyvesi. <\/em>A N\u00e9pstadion kett\u0151s rangad\u00f3inak hangulata eg\u00e9sz \u00e9letemre hat\u00e1ssal volt. Kezdetben \u00c9desap\u00e1m koll\u00e9g\u00e1i, majd a h\u00e1zb\u00e9li fradista b\u00e1csik vittek a meccsekre, gimnazista koromban oszt\u00e1lyt\u00e1rsammal, Gusztival egy\u00fctt j\u00e1rtam drukkolni. K\u00fcl\u00f6n\u00f6sen szerettem a falel\u00e1t\u00f3s \u00dcll\u0151i \u00fati p\u00e1lya atmoszf\u00e9r\u00e1j\u00e1t. \u00a0A helysz\u00edni szurkol\u00e1sban csak az egy \u00e9v katonas\u00e1g \u00e9s az \u00f6t vid\u00e9ki egyetemi \u00e9v jelentett megszak\u00edt\u00e1st. B\u00e9rletes szurkol\u00f3 akkor lettem, amikor a Fradit kiz\u00e1rt\u00e1k az NB I-b\u0151l, s az\u00f3ta is az vagyok. A hossz\u00fa \u00e9vek alatt rengetek \u00e9lm\u00e9nyt szereztem a lel\u00e1t\u00f3n.<\/p>\n<p>A labdar\u00fag\u00e1s ir\u00e1nti szeretetem a gyakorlatban is \u00e9rv\u00e9nyes\u00fclt. T\u00edz \u00e9ves voltam, amikor \u00c9desap\u00e1m egyik koll\u00e9g\u00e1j\u00e1nak ismerets\u00e9ge r\u00e9v\u00e9n levittek a Fradi k\u00f6ly\u00f6kcsapat\u00e1hoz. V\u00e9zna kis sr\u00e1c voltam. Megk\u00f6sz\u00f6nt\u00e9k jelentkez\u00e9semet, majd k\u00f6z\u00f6lt\u00e9k, hogy j\u00f6jjek vissza egy \u00e9v m\u00falva. Az egy \u00e9vet nem tudtam kiv\u00e1rni, \u00e9s iskolat\u00e1rsaim biztat\u00e1s\u00e1ra a lak\u00f3hely\u00fcnkh\u00f6z k\u00f6zeli BEAC p\u00e1ly\u00e1ra vezetett az utam. Ott lettem igazolt labdar\u00fag\u00f3. \u00c9retts\u00e9gi ut\u00e1n el\u0151felv\u00e9telisk\u00e9nt egy \u00e9vig voltam katona Kiskunf\u00e9legyh\u00e1z\u00e1n, ahol nem enged\u00e9lyezt\u00e9k a sportol\u00e1somat a helyi NB III-as katonacsapatban. Ez nagy t\u00f6r\u00e9s volt a p\u00e1lyafut\u00e1somban, \u00edgy Veszpr\u00e9mben, ahol megkezdtem egyetemi tanulm\u00e1nyaimat, m\u00e1r nem is terveztem a folytat\u00e1st. Egyik nap azonban leh\u00edvattak a koll\u00e9gium port\u00e1j\u00e1ra. Dr. Kalocsay Aba, az NB II-es Veszpr\u00e9mi Vegy\u00e9sz edz\u0151je v\u00e1rt. K\u00f6z\u00f6lte, hogy Budapesten tal\u00e1lkozott a volt edz\u0151mmel, aki szerint folytatnom kell a labdar\u00fag\u00e1st. \u00cdgy vettem r\u00e9szt m\u00e9g aznap pr\u00f3baj\u00e1t\u00e9kon Nyir\u00e1don. V\u00e9gig szenvedtem a meccset, valami fant\u00e1zi\u00e1t l\u00e1thattak bennem, mert leigazoltak. Azonban ez m\u00e1r nem volt az igazi. Be kellett l\u00e1tnom, hogy az egy \u00e9v kihagy\u00e1s k\u00e1rosan hatott a gyorsas\u00e1gomra, a tanulm\u00e1nyok \u00e9s a laborgyakorlatok miatt nem tudok megfelelni az edz\u00e9si k\u00f6vetelm\u00e9nyeknek, ez\u00e9rt \u201esz\u00f6gre akasztottam\u201d futballcsuk\u00e1t. Maradt a kisp\u00e1lya \u00e9s a teremfoci eg\u00e9szen a 2004-ben bek\u00f6vetkezett l\u00e1bt\u00f6r\u00e9sig.<\/p>\n<p>A lel\u00e1t\u00f3i kapcsolat mellett egy\u00e9b sz\u00e1lon is k\u00f6t\u0151dtem a Fradihoz. 2007-ben tagja lettem a viszonylag r\u00f6vid \u00e9let\u0171 FTC P\u00e1rtol\u00f3i Egyes\u00fcletnek (FTC PE), r\u00e9szt vettem az egyes\u00fclet Temp\u00f3 Z\u00f6ldek kiadv\u00e1ny\u00e1nak szerkeszt\u00e9s\u00e9ben. 2008-ban bel\u00e9ptem az FTC Bar\u00e1ti K\u00f6rbe (FTC BK). Az FTC PE megsz\u0171n\u00e9s\u00e9ig a k\u00e9t t\u00e1rsas\u00e1g k\u00f6z\u00f6tti \u00f6sszek\u00f6t\u0151 voltam. Az FTC BK \u00f6sszej\u00f6veteleinek k\u00f6sz\u00f6nhetem, hogy a kor\u00e1bban csak a lel\u00e1t\u00f3r\u00f3l ismert kedvenceimmel szem\u00e9lyesen is megismerkedhettem, sokukkal bar\u00e1ts\u00e1got k\u00f6thettem. Sz\u00e1nd\u00e9kosan nem eml\u00edtek neveket, mert nagyon hossz\u00fa lenne a n\u00e9vsor, s nem szeretn\u00e9m, ha a v\u00e9letlen\u00fcl kimarad\u00f3k megs\u00e9rt\u0151dn\u00e9nek. Az FTC BK-nak 2013 \u00e9s 2018 k\u00f6z\u00f6tt a titk\u00e1ra voltam. Az FTC BK honlapj\u00e1nak rendszeres \u201etud\u00f3s\u00edt\u00f3ja\u201d, a Z\u00f6ld \u00e9s feh\u00e9r magazin munkat\u00e1rsa vagyok. Fontos feladatomnak tartottam \u00e9s tartom az egykori sportol\u00f3inkkal val\u00f3 kapcsolattart\u00e1st, sz\u00fcks\u00e9g eset\u00e9n a seg\u00edt\u00e9s\u00fcket. \u00cdr\u00e1saim\u00e9rt, aj\u00e1nd\u00e9k amat\u0151r fot\u00f3im\u00e9rt mindig nagyon h\u00e1l\u00e1sak.<\/p>\n<p><img loading=\"lazy\" decoding=\"async\" class=\"alignnone wp-image-191\" src=\"http:\/\/rudasrend.hu\/wp-content\/uploads\/2024\/02\/RR1-300x225.jpg\" alt=\"\" width=\"480\" height=\"359\" srcset=\"http:\/\/rudasrend.hu\/wp-content\/uploads\/2024\/02\/RR1-300x225.jpg 300w, http:\/\/rudasrend.hu\/wp-content\/uploads\/2024\/02\/RR1-1024x766.jpg 1024w, http:\/\/rudasrend.hu\/wp-content\/uploads\/2024\/02\/RR1-768x575.jpg 768w, http:\/\/rudasrend.hu\/wp-content\/uploads\/2024\/02\/RR1-1536x1150.jpg 1536w, http:\/\/rudasrend.hu\/wp-content\/uploads\/2024\/02\/RR1-2048x1533.jpg 2048w, http:\/\/rudasrend.hu\/wp-content\/uploads\/2024\/02\/RR1-401x300.jpg 401w\" sizes=\"auto, (max-width: 480px) 100vw, 480px\" \/><img loading=\"lazy\" decoding=\"async\" class=\"alignnone wp-image-192\" src=\"http:\/\/rudasrend.hu\/wp-content\/uploads\/2024\/02\/RR2-200x300.jpg\" alt=\"\" width=\"150\" height=\"226\" srcset=\"http:\/\/rudasrend.hu\/wp-content\/uploads\/2024\/02\/RR2-200x300.jpg 200w, http:\/\/rudasrend.hu\/wp-content\/uploads\/2024\/02\/RR2.jpg 532w\" sizes=\"auto, (max-width: 150px) 100vw, 150px\" \/><img loading=\"lazy\" decoding=\"async\" class=\"alignnone wp-image-193\" src=\"http:\/\/rudasrend.hu\/wp-content\/uploads\/2024\/02\/RR3-241x300.jpg\" alt=\"\" width=\"150\" height=\"187\" srcset=\"http:\/\/rudasrend.hu\/wp-content\/uploads\/2024\/02\/RR3-241x300.jpg 241w, http:\/\/rudasrend.hu\/wp-content\/uploads\/2024\/02\/RR3.jpg 642w\" sizes=\"auto, (max-width: 150px) 100vw, 150px\" \/><img loading=\"lazy\" decoding=\"async\" class=\"alignnone wp-image-194\" src=\"http:\/\/rudasrend.hu\/wp-content\/uploads\/2024\/02\/RR4-225x300.jpg\" alt=\"\" width=\"150\" height=\"200\" srcset=\"http:\/\/rudasrend.hu\/wp-content\/uploads\/2024\/02\/RR4-225x300.jpg 225w, http:\/\/rudasrend.hu\/wp-content\/uploads\/2024\/02\/RR4-768x1024.jpg 768w, http:\/\/rudasrend.hu\/wp-content\/uploads\/2024\/02\/RR4-1152x1536.jpg 1152w, http:\/\/rudasrend.hu\/wp-content\/uploads\/2024\/02\/RR4.jpg 1170w\" sizes=\"auto, (max-width: 150px) 100vw, 150px\" \/><\/p>\n<p>A le\u00edrtak alapj\u00e1n nyugodtan \u00e1ll\u00edthatom, hogy \u00e9n is Magyarorsz\u00e1g t\u00f6bb milli\u00f3s \u201elabdar\u00fag\u00f3 szak\u00e9rt\u0151i\u201d g\u00e1rd\u00e1j\u00e1hoz tartozom, amit meger\u0151s\u00edt az 1970-ben szerzett gyakorl\u00f3 edz\u0151i \u00e9s III. oszt\u00e1ly\u00fa j\u00e1t\u00e9kvezet\u0151i igazolv\u00e1nyom.<\/p>\n<p>A tev\u00e9kenys\u00e9gem elismer\u00e9sek\u00e9nt az FTC BK aranykoszor\u00fas, majd \u00f6r\u00f6k\u00f6s tagja, 2015 december\u00e9ben a Rudas-rend tagja lettem. Nagyon b\u00fcszke vagyok arra, hogy a nagy Fradi-csal\u00e1dhoz tartozhatom, a Fradi ir\u00e1nti szeretetem az \u00e9vtizedek sor\u00e1n sem cs\u00f6kkent.<\/p>\n","protected":false},"excerpt":{"rendered":"<p>Sz\u00e1ntay Bal\u00e1zs 1948. febru\u00e1r 4-\u00e9n sz\u00fcletett Budapesten.<\/p>\n","protected":false},"author":1,"featured_media":0,"comment_status":"open","ping_status":"open","sticky":false,"template":"","format":"standard","meta":{"_monsterinsights_skip_tracking":false,"_monsterinsights_sitenote_active":false,"_monsterinsights_sitenote_note":"","_monsterinsights_sitenote_category":0,"footnotes":""},"categories":[20,9],"tags":[19,22,5],"class_list":["post-189","post","type-post","status-publish","format-standard","hentry","category-elo-tagok","category-tagok","tag-elo-tagok","tag-szantay-balazs","tag-tagok"],"yoast_head":"<!-- This site is optimized with the Yoast SEO plugin v26.7 - https:\/\/yoast.com\/wordpress\/plugins\/seo\/ -->\n<title>Sz\u00e1ntay Bal\u00e1zs - Rudas-rend<\/title>\n<meta name=\"robots\" content=\"index, follow, max-snippet:-1, max-image-preview:large, max-video-preview:-1\" \/>\n<link rel=\"canonical\" href=\"http:\/\/rudasrend.hu\/?p=189\" \/>\n<meta property=\"og:locale\" content=\"hu_HU\" \/>\n<meta property=\"og:type\" content=\"article\" \/>\n<meta property=\"og:title\" content=\"Sz\u00e1ntay Bal\u00e1zs - Rudas-rend\" \/>\n<meta property=\"og:description\" content=\"Sz\u00e1ntay Bal\u00e1zs 1948. febru\u00e1r 4-\u00e9n sz\u00fcletett Budapesten.\" \/>\n<meta property=\"og:url\" content=\"http:\/\/rudasrend.hu\/?p=189\" \/>\n<meta property=\"og:site_name\" content=\"Rudas-rend\" \/>\n<meta property=\"article:published_time\" content=\"2024-02-17T18:08:48+00:00\" \/>\n<meta property=\"article:modified_time\" content=\"2024-02-21T16:05:57+00:00\" \/>\n<meta property=\"og:image\" content=\"http:\/\/rudasrend.hu\/wp-content\/uploads\/2024\/02\/SzB4.jpg\" \/>\n<meta name=\"author\" content=\"Simon S\u00e1ndor\" \/>\n<meta name=\"twitter:card\" content=\"summary_large_image\" \/>\n<meta name=\"twitter:label1\" content=\"Szerz\u0151:\" \/>\n\t<meta name=\"twitter:data1\" content=\"Simon S\u00e1ndor\" \/>\n\t<meta name=\"twitter:label2\" content=\"Becs\u00fclt olvas\u00e1si id\u0151\" \/>\n\t<meta name=\"twitter:data2\" content=\"4 perc\" \/>\n<script type=\"application\/ld+json\" class=\"yoast-schema-graph\">{\"@context\":\"https:\/\/schema.org\",\"@graph\":[{\"@type\":\"Article\",\"@id\":\"http:\/\/rudasrend.hu\/?p=189#article\",\"isPartOf\":{\"@id\":\"http:\/\/rudasrend.hu\/?p=189\"},\"author\":{\"name\":\"Simon S\u00e1ndor\",\"@id\":\"https:\/\/rudasrend.hu\/#\/schema\/person\/513ef7184bc873df647f8195a195bb8b\"},\"headline\":\"Sz\u00e1ntay Bal\u00e1zs\",\"datePublished\":\"2024-02-17T18:08:48+00:00\",\"dateModified\":\"2024-02-21T16:05:57+00:00\",\"mainEntityOfPage\":{\"@id\":\"http:\/\/rudasrend.hu\/?p=189\"},\"wordCount\":836,\"commentCount\":1,\"image\":{\"@id\":\"http:\/\/rudasrend.hu\/?p=189#primaryimage\"},\"thumbnailUrl\":\"http:\/\/rudasrend.hu\/wp-content\/uploads\/2024\/02\/SzB4.jpg\",\"keywords\":[\"\u00c9l\u0151 tagok\",\"Sz\u00e1ntay Bal\u00e1zs\",\"Tagok\"],\"articleSection\":[\"\u00c9l\u0151 tagok\",\"Tagok\"],\"inLanguage\":\"hu\",\"potentialAction\":[{\"@type\":\"CommentAction\",\"name\":\"Comment\",\"target\":[\"http:\/\/rudasrend.hu\/?p=189#respond\"]}]},{\"@type\":\"WebPage\",\"@id\":\"http:\/\/rudasrend.hu\/?p=189\",\"url\":\"http:\/\/rudasrend.hu\/?p=189\",\"name\":\"Sz\u00e1ntay Bal\u00e1zs - Rudas-rend\",\"isPartOf\":{\"@id\":\"https:\/\/rudasrend.hu\/#website\"},\"primaryImageOfPage\":{\"@id\":\"http:\/\/rudasrend.hu\/?p=189#primaryimage\"},\"image\":{\"@id\":\"http:\/\/rudasrend.hu\/?p=189#primaryimage\"},\"thumbnailUrl\":\"http:\/\/rudasrend.hu\/wp-content\/uploads\/2024\/02\/SzB4.jpg\",\"datePublished\":\"2024-02-17T18:08:48+00:00\",\"dateModified\":\"2024-02-21T16:05:57+00:00\",\"author\":{\"@id\":\"https:\/\/rudasrend.hu\/#\/schema\/person\/513ef7184bc873df647f8195a195bb8b\"},\"breadcrumb\":{\"@id\":\"http:\/\/rudasrend.hu\/?p=189#breadcrumb\"},\"inLanguage\":\"hu\",\"potentialAction\":[{\"@type\":\"ReadAction\",\"target\":[\"http:\/\/rudasrend.hu\/?p=189\"]}]},{\"@type\":\"ImageObject\",\"inLanguage\":\"hu\",\"@id\":\"http:\/\/rudasrend.hu\/?p=189#primaryimage\",\"url\":\"http:\/\/rudasrend.hu\/wp-content\/uploads\/2024\/02\/SzB4.jpg\",\"contentUrl\":\"http:\/\/rudasrend.hu\/wp-content\/uploads\/2024\/02\/SzB4.jpg\",\"width\":231,\"height\":294},{\"@type\":\"BreadcrumbList\",\"@id\":\"http:\/\/rudasrend.hu\/?p=189#breadcrumb\",\"itemListElement\":[{\"@type\":\"ListItem\",\"position\":1,\"name\":\"Home\",\"item\":\"https:\/\/rudasrend.hu\/\"},{\"@type\":\"ListItem\",\"position\":2,\"name\":\"Sz\u00e1ntay Bal\u00e1zs\"}]},{\"@type\":\"WebSite\",\"@id\":\"https:\/\/rudasrend.hu\/#website\",\"url\":\"https:\/\/rudasrend.hu\/\",\"name\":\"Rudas-rend\",\"description\":\"\",\"potentialAction\":[{\"@type\":\"SearchAction\",\"target\":{\"@type\":\"EntryPoint\",\"urlTemplate\":\"https:\/\/rudasrend.hu\/?s={search_term_string}\"},\"query-input\":{\"@type\":\"PropertyValueSpecification\",\"valueRequired\":true,\"valueName\":\"search_term_string\"}}],\"inLanguage\":\"hu\"},{\"@type\":\"Person\",\"@id\":\"https:\/\/rudasrend.hu\/#\/schema\/person\/513ef7184bc873df647f8195a195bb8b\",\"name\":\"Simon S\u00e1ndor\",\"image\":{\"@type\":\"ImageObject\",\"inLanguage\":\"hu\",\"@id\":\"https:\/\/rudasrend.hu\/#\/schema\/person\/image\/\",\"url\":\"https:\/\/secure.gravatar.com\/avatar\/01fe8c8dc348b480851caca6505374ee0f2e750eb3c8948d84cf0606abc9c42d?s=96&d=mm&r=g\",\"contentUrl\":\"https:\/\/secure.gravatar.com\/avatar\/01fe8c8dc348b480851caca6505374ee0f2e750eb3c8948d84cf0606abc9c42d?s=96&d=mm&r=g\",\"caption\":\"Simon S\u00e1ndor\"},\"sameAs\":[\"http:\/\/rudasrend.hu\"],\"url\":\"http:\/\/rudasrend.hu\/?author=1\"}]}<\/script>\n<!-- \/ Yoast SEO plugin. -->","yoast_head_json":{"title":"Sz\u00e1ntay Bal\u00e1zs - Rudas-rend","robots":{"index":"index","follow":"follow","max-snippet":"max-snippet:-1","max-image-preview":"max-image-preview:large","max-video-preview":"max-video-preview:-1"},"canonical":"http:\/\/rudasrend.hu\/?p=189","og_locale":"hu_HU","og_type":"article","og_title":"Sz\u00e1ntay Bal\u00e1zs - Rudas-rend","og_description":"Sz\u00e1ntay Bal\u00e1zs 1948. febru\u00e1r 4-\u00e9n sz\u00fcletett Budapesten.","og_url":"http:\/\/rudasrend.hu\/?p=189","og_site_name":"Rudas-rend","article_published_time":"2024-02-17T18:08:48+00:00","article_modified_time":"2024-02-21T16:05:57+00:00","og_image":[{"url":"http:\/\/rudasrend.hu\/wp-content\/uploads\/2024\/02\/SzB4.jpg","type":"","width":"","height":""}],"author":"Simon S\u00e1ndor","twitter_card":"summary_large_image","twitter_misc":{"Szerz\u0151:":"Simon S\u00e1ndor","Becs\u00fclt olvas\u00e1si id\u0151":"4 perc"},"schema":{"@context":"https:\/\/schema.org","@graph":[{"@type":"Article","@id":"http:\/\/rudasrend.hu\/?p=189#article","isPartOf":{"@id":"http:\/\/rudasrend.hu\/?p=189"},"author":{"name":"Simon S\u00e1ndor","@id":"https:\/\/rudasrend.hu\/#\/schema\/person\/513ef7184bc873df647f8195a195bb8b"},"headline":"Sz\u00e1ntay Bal\u00e1zs","datePublished":"2024-02-17T18:08:48+00:00","dateModified":"2024-02-21T16:05:57+00:00","mainEntityOfPage":{"@id":"http:\/\/rudasrend.hu\/?p=189"},"wordCount":836,"commentCount":1,"image":{"@id":"http:\/\/rudasrend.hu\/?p=189#primaryimage"},"thumbnailUrl":"http:\/\/rudasrend.hu\/wp-content\/uploads\/2024\/02\/SzB4.jpg","keywords":["\u00c9l\u0151 tagok","Sz\u00e1ntay Bal\u00e1zs","Tagok"],"articleSection":["\u00c9l\u0151 tagok","Tagok"],"inLanguage":"hu","potentialAction":[{"@type":"CommentAction","name":"Comment","target":["http:\/\/rudasrend.hu\/?p=189#respond"]}]},{"@type":"WebPage","@id":"http:\/\/rudasrend.hu\/?p=189","url":"http:\/\/rudasrend.hu\/?p=189","name":"Sz\u00e1ntay Bal\u00e1zs - Rudas-rend","isPartOf":{"@id":"https:\/\/rudasrend.hu\/#website"},"primaryImageOfPage":{"@id":"http:\/\/rudasrend.hu\/?p=189#primaryimage"},"image":{"@id":"http:\/\/rudasrend.hu\/?p=189#primaryimage"},"thumbnailUrl":"http:\/\/rudasrend.hu\/wp-content\/uploads\/2024\/02\/SzB4.jpg","datePublished":"2024-02-17T18:08:48+00:00","dateModified":"2024-02-21T16:05:57+00:00","author":{"@id":"https:\/\/rudasrend.hu\/#\/schema\/person\/513ef7184bc873df647f8195a195bb8b"},"breadcrumb":{"@id":"http:\/\/rudasrend.hu\/?p=189#breadcrumb"},"inLanguage":"hu","potentialAction":[{"@type":"ReadAction","target":["http:\/\/rudasrend.hu\/?p=189"]}]},{"@type":"ImageObject","inLanguage":"hu","@id":"http:\/\/rudasrend.hu\/?p=189#primaryimage","url":"http:\/\/rudasrend.hu\/wp-content\/uploads\/2024\/02\/SzB4.jpg","contentUrl":"http:\/\/rudasrend.hu\/wp-content\/uploads\/2024\/02\/SzB4.jpg","width":231,"height":294},{"@type":"BreadcrumbList","@id":"http:\/\/rudasrend.hu\/?p=189#breadcrumb","itemListElement":[{"@type":"ListItem","position":1,"name":"Home","item":"https:\/\/rudasrend.hu\/"},{"@type":"ListItem","position":2,"name":"Sz\u00e1ntay Bal\u00e1zs"}]},{"@type":"WebSite","@id":"https:\/\/rudasrend.hu\/#website","url":"https:\/\/rudasrend.hu\/","name":"Rudas-rend","description":"","potentialAction":[{"@type":"SearchAction","target":{"@type":"EntryPoint","urlTemplate":"https:\/\/rudasrend.hu\/?s={search_term_string}"},"query-input":{"@type":"PropertyValueSpecification","valueRequired":true,"valueName":"search_term_string"}}],"inLanguage":"hu"},{"@type":"Person","@id":"https:\/\/rudasrend.hu\/#\/schema\/person\/513ef7184bc873df647f8195a195bb8b","name":"Simon S\u00e1ndor","image":{"@type":"ImageObject","inLanguage":"hu","@id":"https:\/\/rudasrend.hu\/#\/schema\/person\/image\/","url":"https:\/\/secure.gravatar.com\/avatar\/01fe8c8dc348b480851caca6505374ee0f2e750eb3c8948d84cf0606abc9c42d?s=96&d=mm&r=g","contentUrl":"https:\/\/secure.gravatar.com\/avatar\/01fe8c8dc348b480851caca6505374ee0f2e750eb3c8948d84cf0606abc9c42d?s=96&d=mm&r=g","caption":"Simon S\u00e1ndor"},"sameAs":["http:\/\/rudasrend.hu"],"url":"http:\/\/rudasrend.hu\/?author=1"}]}},"_links":{"self":[{"href":"http:\/\/rudasrend.hu\/index.php?rest_route=\/wp\/v2\/posts\/189","targetHints":{"allow":["GET"]}}],"collection":[{"href":"http:\/\/rudasrend.hu\/index.php?rest_route=\/wp\/v2\/posts"}],"about":[{"href":"http:\/\/rudasrend.hu\/index.php?rest_route=\/wp\/v2\/types\/post"}],"author":[{"embeddable":true,"href":"http:\/\/rudasrend.hu\/index.php?rest_route=\/wp\/v2\/users\/1"}],"replies":[{"embeddable":true,"href":"http:\/\/rudasrend.hu\/index.php?rest_route=%2Fwp%2Fv2%2Fcomments&post=189"}],"version-history":[{"count":5,"href":"http:\/\/rudasrend.hu\/index.php?rest_route=\/wp\/v2\/posts\/189\/revisions"}],"predecessor-version":[{"id":205,"href":"http:\/\/rudasrend.hu\/index.php?rest_route=\/wp\/v2\/posts\/189\/revisions\/205"}],"wp:attachment":[{"href":"http:\/\/rudasrend.hu\/index.php?rest_route=%2Fwp%2Fv2%2Fmedia&parent=189"}],"wp:term":[{"taxonomy":"category","embeddable":true,"href":"http:\/\/rudasrend.hu\/index.php?rest_route=%2Fwp%2Fv2%2Fcategories&post=189"},{"taxonomy":"post_tag","embeddable":true,"href":"http:\/\/rudasrend.hu\/index.php?rest_route=%2Fwp%2Fv2%2Ftags&post=189"}],"curies":[{"name":"wp","href":"https:\/\/api.w.org\/{rel}","templated":true}]}}