{"id":151,"date":"2024-01-02T15:05:07","date_gmt":"2024-01-02T14:05:07","guid":{"rendered":"https:\/\/rudasrend.hu\/?p=151"},"modified":"2024-01-03T09:48:31","modified_gmt":"2024-01-03T08:48:31","slug":"a-rudas-rend-elhunyt-tagjai-3","status":"publish","type":"post","link":"https:\/\/rudasrend.hu\/?p=151","title":{"rendered":"Peth\u0151 Zolt\u00e1n"},"content":{"rendered":"<p><strong><img loading=\"lazy\" decoding=\"async\" class=\"alignnone size-medium wp-image-152\" src=\"http:\/\/rudasrend.hu\/wp-content\/uploads\/2024\/01\/Petho-Zoltan1-222x300.jpg\" alt=\"\" width=\"222\" height=\"300\" srcset=\"https:\/\/rudasrend.hu\/wp-content\/uploads\/2024\/01\/Petho-Zoltan1-222x300.jpg 222w, https:\/\/rudasrend.hu\/wp-content\/uploads\/2024\/01\/Petho-Zoltan1.jpg 606w\" sizes=\"auto, (max-width: 222px) 100vw, 222px\" \/>Peth\u0151 Zolt\u00e1n <\/strong>1926. november 16-\u00e1n sz\u00fcletett Budapesten. <!--more-->10 \u00e9ves kor\u00e1t\u00f3l vallotta mag\u00e1t fradist\u00e1nak, ugyanis anyai nagyb\u00e1tyja 1936. szeptember\u00e9ben vitte ki el\u0151sz\u00f6r az \u00dcll\u0151i \u00fatra. Ett\u0151l kezdve rengeteg eml\u00e9kezetes m\u00e9rk\u0151z\u00e9sen, rendezv\u00e9nyen vett r\u00e9szt, \u00e9letre sz\u00f3l\u00f3 bar\u00e1ts\u00e1gokat k\u00f6t\u00f6tt vezet\u0151kkel, j\u00e1t\u00e9kosokkal. Kiemelked\u0151 volt a S\u00e1rosi testv\u00e9rekhez f\u0171z\u0151d\u0151 bar\u00e1ts\u00e1ga. Eml\u00e9keit nem tartotta meg mag\u00e1nak, mint \u201e\u00e9l\u0151 t\u00f6rt\u00e9nelemk\u00f6nyvh\u00f6z\u201d b\u00e1rmikor fordulhattunk hozz\u00e1, ha a klub t\u00f6rt\u00e9net\u00e9vel, sportol\u00f3ival, eredm\u00e9nyeivel kapcsolatban ismereteink hi\u00e1nyosak vagy bizonytalanok voltak. Eml\u00e9keinek nagy r\u00e9sz\u00e9t \u00edr\u00e1sos feljegyz\u00e9sekben, albumokban is meg\u00f6r\u00f6k\u00edtette, s gondoskodott arr\u00f3l, hogy ezek az ut\u00f3kor sz\u00e1m\u00e1ra is megmaradjanak. 2012 \u00e1prilis\u00e1ban az \u00fajs\u00e1gokb\u00f3l, k\u00f6nyvekb\u0151l, levelez\u0151lapokb\u00f3l, f\u00e9nyk\u00e9palbumokb\u00f3l, z\u00e1szl\u00f3kb\u00f3l \u00e9s jelv\u00e9nyekb\u0151l \u00e1ll\u00f3 gy\u0171jtem\u00e9ny\u00e9t \u00e1tadta a Temp\u00f3 Fradi Alap\u00edtv\u00e1nynak a k\u00f6vetkez\u0151 mondatok k\u00eds\u00e9ret\u00e9ben: \u201eNektek adom\u00e1nyozom, amim van. Tudom, hogy n\u00e1latok j\u00f3 helyen lesz.\u201d Az alap\u00edtv\u00e1ny az anyagokat feldolgozta, a honlapj\u00e1n el\u00e9rhet\u0151v\u00e9 tette.<\/p>\n<p>Peth\u0151 Zolt\u00e1n ifj\u00fa kor\u00e1t\u00f3l kezdve nem csak a lel\u00e1t\u00f3n volt akt\u00edv, hanem r\u00e9szt vett a szurkol\u00f3i szervezetekben is. Tagja volt a Ferencv\u00e1rosi Bar\u00e1ti T\u00e1rsas\u00e1gnak annak az 1949. december 31-i megsz\u0171n\u00e9s\u00e9ig, majd 1957, janu\u00e1r 1-t\u0151l az FTC p\u00e1rtol\u00f3i tagja volt. 1976 j\u00fanius\u00e1ban megalakult dr. Pap\u00e1csy Ervin vezet\u00e9s\u00e9vel a Propaganda Bizotts\u00e1gon bel\u00fcl m\u0171k\u00f6d\u0151 FTC Bar\u00e1ti K\u00f6r, amelynek akt\u00edv, szervez\u0151 tagja lett. 1981. janu\u00e1r 1-j\u00e9vel az FTC akkori eln\u00f6ke, Losonczi Tibor megsz\u00fcntette Bar\u00e1ti K\u00f6rt, nem tetszett neki a t\u00e1rsas\u00e1g n\u00e9h\u00e1ny k\u00e9rd\u00e9sben megfogalmazott hat\u00e1rozott v\u00e9lem\u00e9nye. Az \u00fajj\u00e1alakul\u00e1sban, 1983 december\u00e9ben Peth\u0151 Zolt\u00e1n nagy szerepet j\u00e1tszott hat t\u00e1rs\u00e1val, dr. Bosny\u00e1k Zolt\u00e1nnal, Csik\u00f3s Gyul\u00e1val, H\u00e9lisz J\u00f3zseffel, dr. Kereszt\u00e9nyi J\u00f3zseffel, M\u00e9sz\u00e1ros J\u00f3zseffel \u00e9s Pataki Jen\u0151vel egy\u00fctt. Az imm\u00e1r \u00f6n\u00e1ll\u00f3 egyes\u00fcletk\u00e9nt m\u0171k\u00f6d\u0151 FTC Bar\u00e1ti K\u00f6r eln\u00f6ks\u00e9g\u00e9nek kezdett\u0151l fogva tagja volt, a fel\u00fcgyel\u0151 bizotts\u00e1g vezet\u0151jek\u00e9nt is tev\u00e9kenykedett, majd 2001-t\u0151l aleln\u00f6k volt eg\u00e9szen az eg\u00e9szs\u00e9gi \u00e1llapot\u00e1nak megroml\u00e1sa miatti lemond\u00e1s\u00e1ig.<\/p>\n<p><img loading=\"lazy\" decoding=\"async\" class=\"alignnone size-medium wp-image-153\" src=\"http:\/\/rudasrend.hu\/wp-content\/uploads\/2024\/01\/PZ-Aranydiploma-221x300.jpg\" alt=\"\" width=\"221\" height=\"300\" srcset=\"https:\/\/rudasrend.hu\/wp-content\/uploads\/2024\/01\/PZ-Aranydiploma-221x300.jpg 221w, https:\/\/rudasrend.hu\/wp-content\/uploads\/2024\/01\/PZ-Aranydiploma.jpg 379w\" sizes=\"auto, (max-width: 221px) 100vw, 221px\" \/>A Fradi \u00e9rdek\u00e9ben v\u00e9gzett munk\u00e1j\u00e1t az egyes\u00fclet is elismerte, 2016-ban a 90. sz\u00fclet\u00e9snapj\u00e1n kapta meg az FTC Aranydiplom\u00e1j\u00e1t.<\/p>\n<p><img loading=\"lazy\" decoding=\"async\" class=\"alignnone size-medium wp-image-154\" src=\"http:\/\/rudasrend.hu\/wp-content\/uploads\/2024\/01\/PZ-Rudas-rend-300x227.jpg\" alt=\"\" width=\"300\" height=\"227\" srcset=\"https:\/\/rudasrend.hu\/wp-content\/uploads\/2024\/01\/PZ-Rudas-rend-300x227.jpg 300w, https:\/\/rudasrend.hu\/wp-content\/uploads\/2024\/01\/PZ-Rudas-rend-397x300.jpg 397w, https:\/\/rudasrend.hu\/wp-content\/uploads\/2024\/01\/PZ-Rudas-rend.jpg 573w\" sizes=\"auto, (max-width: 300px) 100vw, 300px\" \/>A 2015-ben l\u00e9trehozott Rudas-rend tagja lett, mint legid\u0151sebb tag a koreln\u00f6ki poz\u00edci\u00f3t a 2021. febru\u00e1r 10-i hal\u00e1l\u00e1ig t\u00f6lt\u00f6tte be.<\/p>\n<p>&nbsp;<\/p>\n<p>&nbsp;<\/p>\n","protected":false},"excerpt":{"rendered":"<p>Peth\u0151 Zolt\u00e1n 1926. november 16-\u00e1n sz\u00fcletett Budapesten.<\/p>\n","protected":false},"author":1,"featured_media":0,"comment_status":"open","ping_status":"open","sticky":false,"template":"","format":"standard","meta":{"_monsterinsights_skip_tracking":false,"_monsterinsights_sitenote_active":false,"_monsterinsights_sitenote_note":"","_monsterinsights_sitenote_category":0,"footnotes":""},"categories":[10,9],"tags":[11,17,5],"class_list":["post-151","post","type-post","status-publish","format-standard","hentry","category-elhunyt-tagok","category-tagok","tag-elhunyt-tagok","tag-petho-zoltan","tag-tagok"],"yoast_head":"<!-- This site is optimized with the Yoast SEO plugin v26.7 - https:\/\/yoast.com\/wordpress\/plugins\/seo\/ -->\n<title>Peth\u0151 Zolt\u00e1n - Rudas-rend<\/title>\n<meta name=\"robots\" content=\"index, follow, max-snippet:-1, max-image-preview:large, max-video-preview:-1\" \/>\n<link rel=\"canonical\" href=\"https:\/\/rudasrend.hu\/?p=151\" \/>\n<meta property=\"og:locale\" content=\"hu_HU\" \/>\n<meta property=\"og:type\" content=\"article\" \/>\n<meta property=\"og:title\" content=\"Peth\u0151 Zolt\u00e1n - Rudas-rend\" \/>\n<meta property=\"og:description\" content=\"Peth\u0151 Zolt\u00e1n 1926. november 16-\u00e1n sz\u00fcletett Budapesten.\" \/>\n<meta property=\"og:url\" content=\"https:\/\/rudasrend.hu\/?p=151\" \/>\n<meta property=\"og:site_name\" content=\"Rudas-rend\" \/>\n<meta property=\"article:published_time\" content=\"2024-01-02T14:05:07+00:00\" \/>\n<meta property=\"article:modified_time\" content=\"2024-01-03T08:48:31+00:00\" \/>\n<meta property=\"og:image\" content=\"http:\/\/rudasrend.hu\/wp-content\/uploads\/2024\/01\/Petho-Zoltan1-222x300.jpg\" \/>\n<meta name=\"author\" content=\"Simon S\u00e1ndor\" \/>\n<meta name=\"twitter:card\" content=\"summary_large_image\" \/>\n<meta name=\"twitter:label1\" content=\"Szerz\u0151:\" \/>\n\t<meta name=\"twitter:data1\" content=\"Simon S\u00e1ndor\" \/>\n\t<meta name=\"twitter:label2\" content=\"Becs\u00fclt olvas\u00e1si id\u0151\" \/>\n\t<meta name=\"twitter:data2\" content=\"3 perc\" \/>\n<script type=\"application\/ld+json\" class=\"yoast-schema-graph\">{\"@context\":\"https:\/\/schema.org\",\"@graph\":[{\"@type\":\"Article\",\"@id\":\"https:\/\/rudasrend.hu\/?p=151#article\",\"isPartOf\":{\"@id\":\"https:\/\/rudasrend.hu\/?p=151\"},\"author\":{\"name\":\"Simon S\u00e1ndor\",\"@id\":\"http:\/\/rudasrend.hu\/#\/schema\/person\/513ef7184bc873df647f8195a195bb8b\"},\"headline\":\"Peth\u0151 Zolt\u00e1n\",\"datePublished\":\"2024-01-02T14:05:07+00:00\",\"dateModified\":\"2024-01-03T08:48:31+00:00\",\"mainEntityOfPage\":{\"@id\":\"https:\/\/rudasrend.hu\/?p=151\"},\"wordCount\":496,\"commentCount\":1,\"image\":{\"@id\":\"https:\/\/rudasrend.hu\/?p=151#primaryimage\"},\"thumbnailUrl\":\"http:\/\/rudasrend.hu\/wp-content\/uploads\/2024\/01\/Petho-Zoltan1-222x300.jpg\",\"keywords\":[\"Elhunyt tagok\",\"Peth\u0151 Zolt\u00e1n\",\"Tagok\"],\"articleSection\":[\"Elhunyt tagok\",\"Tagok\"],\"inLanguage\":\"hu\",\"potentialAction\":[{\"@type\":\"CommentAction\",\"name\":\"Comment\",\"target\":[\"https:\/\/rudasrend.hu\/?p=151#respond\"]}]},{\"@type\":\"WebPage\",\"@id\":\"https:\/\/rudasrend.hu\/?p=151\",\"url\":\"https:\/\/rudasrend.hu\/?p=151\",\"name\":\"Peth\u0151 Zolt\u00e1n - Rudas-rend\",\"isPartOf\":{\"@id\":\"http:\/\/rudasrend.hu\/#website\"},\"primaryImageOfPage\":{\"@id\":\"https:\/\/rudasrend.hu\/?p=151#primaryimage\"},\"image\":{\"@id\":\"https:\/\/rudasrend.hu\/?p=151#primaryimage\"},\"thumbnailUrl\":\"http:\/\/rudasrend.hu\/wp-content\/uploads\/2024\/01\/Petho-Zoltan1-222x300.jpg\",\"datePublished\":\"2024-01-02T14:05:07+00:00\",\"dateModified\":\"2024-01-03T08:48:31+00:00\",\"author\":{\"@id\":\"http:\/\/rudasrend.hu\/#\/schema\/person\/513ef7184bc873df647f8195a195bb8b\"},\"breadcrumb\":{\"@id\":\"https:\/\/rudasrend.hu\/?p=151#breadcrumb\"},\"inLanguage\":\"hu\",\"potentialAction\":[{\"@type\":\"ReadAction\",\"target\":[\"https:\/\/rudasrend.hu\/?p=151\"]}]},{\"@type\":\"ImageObject\",\"inLanguage\":\"hu\",\"@id\":\"https:\/\/rudasrend.hu\/?p=151#primaryimage\",\"url\":\"https:\/\/rudasrend.hu\/wp-content\/uploads\/2024\/01\/Petho-Zoltan1.jpg\",\"contentUrl\":\"https:\/\/rudasrend.hu\/wp-content\/uploads\/2024\/01\/Petho-Zoltan1.jpg\",\"width\":606,\"height\":820},{\"@type\":\"BreadcrumbList\",\"@id\":\"https:\/\/rudasrend.hu\/?p=151#breadcrumb\",\"itemListElement\":[{\"@type\":\"ListItem\",\"position\":1,\"name\":\"Home\",\"item\":\"http:\/\/rudasrend.hu\/\"},{\"@type\":\"ListItem\",\"position\":2,\"name\":\"Peth\u0151 Zolt\u00e1n\"}]},{\"@type\":\"WebSite\",\"@id\":\"http:\/\/rudasrend.hu\/#website\",\"url\":\"http:\/\/rudasrend.hu\/\",\"name\":\"Rudas-rend\",\"description\":\"\",\"potentialAction\":[{\"@type\":\"SearchAction\",\"target\":{\"@type\":\"EntryPoint\",\"urlTemplate\":\"http:\/\/rudasrend.hu\/?s={search_term_string}\"},\"query-input\":{\"@type\":\"PropertyValueSpecification\",\"valueRequired\":true,\"valueName\":\"search_term_string\"}}],\"inLanguage\":\"hu\"},{\"@type\":\"Person\",\"@id\":\"http:\/\/rudasrend.hu\/#\/schema\/person\/513ef7184bc873df647f8195a195bb8b\",\"name\":\"Simon S\u00e1ndor\",\"image\":{\"@type\":\"ImageObject\",\"inLanguage\":\"hu\",\"@id\":\"http:\/\/rudasrend.hu\/#\/schema\/person\/image\/\",\"url\":\"https:\/\/secure.gravatar.com\/avatar\/01fe8c8dc348b480851caca6505374ee0f2e750eb3c8948d84cf0606abc9c42d?s=96&d=mm&r=g\",\"contentUrl\":\"https:\/\/secure.gravatar.com\/avatar\/01fe8c8dc348b480851caca6505374ee0f2e750eb3c8948d84cf0606abc9c42d?s=96&d=mm&r=g\",\"caption\":\"Simon S\u00e1ndor\"},\"sameAs\":[\"http:\/\/rudasrend.hu\"],\"url\":\"https:\/\/rudasrend.hu\/?author=1\"}]}<\/script>\n<!-- \/ Yoast SEO plugin. -->","yoast_head_json":{"title":"Peth\u0151 Zolt\u00e1n - Rudas-rend","robots":{"index":"index","follow":"follow","max-snippet":"max-snippet:-1","max-image-preview":"max-image-preview:large","max-video-preview":"max-video-preview:-1"},"canonical":"https:\/\/rudasrend.hu\/?p=151","og_locale":"hu_HU","og_type":"article","og_title":"Peth\u0151 Zolt\u00e1n - Rudas-rend","og_description":"Peth\u0151 Zolt\u00e1n 1926. november 16-\u00e1n sz\u00fcletett Budapesten.","og_url":"https:\/\/rudasrend.hu\/?p=151","og_site_name":"Rudas-rend","article_published_time":"2024-01-02T14:05:07+00:00","article_modified_time":"2024-01-03T08:48:31+00:00","og_image":[{"url":"http:\/\/rudasrend.hu\/wp-content\/uploads\/2024\/01\/Petho-Zoltan1-222x300.jpg","type":"","width":"","height":""}],"author":"Simon S\u00e1ndor","twitter_card":"summary_large_image","twitter_misc":{"Szerz\u0151:":"Simon S\u00e1ndor","Becs\u00fclt olvas\u00e1si id\u0151":"3 perc"},"schema":{"@context":"https:\/\/schema.org","@graph":[{"@type":"Article","@id":"https:\/\/rudasrend.hu\/?p=151#article","isPartOf":{"@id":"https:\/\/rudasrend.hu\/?p=151"},"author":{"name":"Simon S\u00e1ndor","@id":"http:\/\/rudasrend.hu\/#\/schema\/person\/513ef7184bc873df647f8195a195bb8b"},"headline":"Peth\u0151 Zolt\u00e1n","datePublished":"2024-01-02T14:05:07+00:00","dateModified":"2024-01-03T08:48:31+00:00","mainEntityOfPage":{"@id":"https:\/\/rudasrend.hu\/?p=151"},"wordCount":496,"commentCount":1,"image":{"@id":"https:\/\/rudasrend.hu\/?p=151#primaryimage"},"thumbnailUrl":"http:\/\/rudasrend.hu\/wp-content\/uploads\/2024\/01\/Petho-Zoltan1-222x300.jpg","keywords":["Elhunyt tagok","Peth\u0151 Zolt\u00e1n","Tagok"],"articleSection":["Elhunyt tagok","Tagok"],"inLanguage":"hu","potentialAction":[{"@type":"CommentAction","name":"Comment","target":["https:\/\/rudasrend.hu\/?p=151#respond"]}]},{"@type":"WebPage","@id":"https:\/\/rudasrend.hu\/?p=151","url":"https:\/\/rudasrend.hu\/?p=151","name":"Peth\u0151 Zolt\u00e1n - Rudas-rend","isPartOf":{"@id":"http:\/\/rudasrend.hu\/#website"},"primaryImageOfPage":{"@id":"https:\/\/rudasrend.hu\/?p=151#primaryimage"},"image":{"@id":"https:\/\/rudasrend.hu\/?p=151#primaryimage"},"thumbnailUrl":"http:\/\/rudasrend.hu\/wp-content\/uploads\/2024\/01\/Petho-Zoltan1-222x300.jpg","datePublished":"2024-01-02T14:05:07+00:00","dateModified":"2024-01-03T08:48:31+00:00","author":{"@id":"http:\/\/rudasrend.hu\/#\/schema\/person\/513ef7184bc873df647f8195a195bb8b"},"breadcrumb":{"@id":"https:\/\/rudasrend.hu\/?p=151#breadcrumb"},"inLanguage":"hu","potentialAction":[{"@type":"ReadAction","target":["https:\/\/rudasrend.hu\/?p=151"]}]},{"@type":"ImageObject","inLanguage":"hu","@id":"https:\/\/rudasrend.hu\/?p=151#primaryimage","url":"https:\/\/rudasrend.hu\/wp-content\/uploads\/2024\/01\/Petho-Zoltan1.jpg","contentUrl":"https:\/\/rudasrend.hu\/wp-content\/uploads\/2024\/01\/Petho-Zoltan1.jpg","width":606,"height":820},{"@type":"BreadcrumbList","@id":"https:\/\/rudasrend.hu\/?p=151#breadcrumb","itemListElement":[{"@type":"ListItem","position":1,"name":"Home","item":"http:\/\/rudasrend.hu\/"},{"@type":"ListItem","position":2,"name":"Peth\u0151 Zolt\u00e1n"}]},{"@type":"WebSite","@id":"http:\/\/rudasrend.hu\/#website","url":"http:\/\/rudasrend.hu\/","name":"Rudas-rend","description":"","potentialAction":[{"@type":"SearchAction","target":{"@type":"EntryPoint","urlTemplate":"http:\/\/rudasrend.hu\/?s={search_term_string}"},"query-input":{"@type":"PropertyValueSpecification","valueRequired":true,"valueName":"search_term_string"}}],"inLanguage":"hu"},{"@type":"Person","@id":"http:\/\/rudasrend.hu\/#\/schema\/person\/513ef7184bc873df647f8195a195bb8b","name":"Simon S\u00e1ndor","image":{"@type":"ImageObject","inLanguage":"hu","@id":"http:\/\/rudasrend.hu\/#\/schema\/person\/image\/","url":"https:\/\/secure.gravatar.com\/avatar\/01fe8c8dc348b480851caca6505374ee0f2e750eb3c8948d84cf0606abc9c42d?s=96&d=mm&r=g","contentUrl":"https:\/\/secure.gravatar.com\/avatar\/01fe8c8dc348b480851caca6505374ee0f2e750eb3c8948d84cf0606abc9c42d?s=96&d=mm&r=g","caption":"Simon S\u00e1ndor"},"sameAs":["http:\/\/rudasrend.hu"],"url":"https:\/\/rudasrend.hu\/?author=1"}]}},"_links":{"self":[{"href":"https:\/\/rudasrend.hu\/index.php?rest_route=\/wp\/v2\/posts\/151","targetHints":{"allow":["GET"]}}],"collection":[{"href":"https:\/\/rudasrend.hu\/index.php?rest_route=\/wp\/v2\/posts"}],"about":[{"href":"https:\/\/rudasrend.hu\/index.php?rest_route=\/wp\/v2\/types\/post"}],"author":[{"embeddable":true,"href":"https:\/\/rudasrend.hu\/index.php?rest_route=\/wp\/v2\/users\/1"}],"replies":[{"embeddable":true,"href":"https:\/\/rudasrend.hu\/index.php?rest_route=%2Fwp%2Fv2%2Fcomments&post=151"}],"version-history":[{"count":2,"href":"https:\/\/rudasrend.hu\/index.php?rest_route=\/wp\/v2\/posts\/151\/revisions"}],"predecessor-version":[{"id":168,"href":"https:\/\/rudasrend.hu\/index.php?rest_route=\/wp\/v2\/posts\/151\/revisions\/168"}],"wp:attachment":[{"href":"https:\/\/rudasrend.hu\/index.php?rest_route=%2Fwp%2Fv2%2Fmedia&parent=151"}],"wp:term":[{"taxonomy":"category","embeddable":true,"href":"https:\/\/rudasrend.hu\/index.php?rest_route=%2Fwp%2Fv2%2Fcategories&post=151"},{"taxonomy":"post_tag","embeddable":true,"href":"https:\/\/rudasrend.hu\/index.php?rest_route=%2Fwp%2Fv2%2Ftags&post=151"}],"curies":[{"name":"wp","href":"https:\/\/api.w.org\/{rel}","templated":true}]}}