{"id":326,"date":"2025-09-12T15:57:13","date_gmt":"2025-09-12T13:57:13","guid":{"rendered":"http:\/\/rudasrend.hu\/?p=326"},"modified":"2025-09-12T16:10:08","modified_gmt":"2025-09-12T14:10:08","slug":"a-rudas-rend-elo-tagjai-3-2-3-2-2-2-3","status":"publish","type":"post","link":"https:\/\/rudasrend.hu\/?p=326","title":{"rendered":"Tak\u00e1cs Tibor"},"content":{"rendered":"<p><strong><img loading=\"lazy\" decoding=\"async\" class=\"alignnone size-full wp-image-327\" src=\"http:\/\/rudasrend.hu\/wp-content\/uploads\/2025\/09\/Takacs-Tibor-2.jpg\" alt=\"\" width=\"205\" height=\"267\" \/>\u00a0Tak\u00e1cs Tibor<\/strong> 1946. december 29-\u00e9n sz\u00fcletett Budapesten.<!--more--><\/p>\n<p>Gyermekkor\u00e1ban torn\u00e1zott, ami annak f\u00e9ny\u00e9ben egy\u00e1ltal\u00e1n nem volt meglep\u0151, hogy \u00e9desanyja is torn\u00e1sz volt, aki k\u00e9s\u0151bb edz\u0151 lett. Azonban nem a torna, sokkal ink\u00e1bb a labdar\u00fag\u00e1s vonta a b\u0171vk\u00f6r\u00e9be. 1953. december 6-\u00e1n az \u00e9desapja kivitte az \u00dcll\u0151i \u00fatra egy Kinizsi-Honv\u00e9d m\u00e9rk\u0151z\u00e9sre. Ez a tal\u00e1lkoz\u00f3 az &#8222;\u00c9vsz\u00e1zad m\u00e9rk\u0151z\u00e9se&#8221; ut\u00e1ni els\u0151 magyar fell\u00e9p\u00e9se volt a v\u00e1logatott j\u00e1t\u00e9kosoknak, aki legink\u00e1bb a Honv\u00e9dban j\u00e1tszottak, ahogy az eml\u00edtett tal\u00e1lkoz\u00f3n is. Ott j\u00e1tszottak, de nem sokra mentek, mert a Kinizsi egy Kisp\u00e9ter Mih\u00e1ly nev\u0171 fradista vez\u00e9nylet\u00e9vel, sorra verte vissza minden t\u00e1mad\u00e1sukat, \u00edgy g\u00f3l n\u00e9lk\u00fcli d\u00f6ntetlent \u00e9rtek el. G\u00f3l ugyan nem sz\u00fcletett azon a m\u00e9rk\u0151z\u00e9sen, \u00e1m egy \u00faj fradista igen, hiszen Tak\u00e1cs Tibor akkor d\u00f6nt\u00f6tte el, hogy az \u0151 kedvencei nem a \u201elondoni h\u0151s\u00f6k\u201d, hanem az \u0151ket megf\u00e9kez\u0151 \u201ekis h\u0151s\u00f6k\u201d lesznek. M\u00e9g nem volt tizenn\u00e9gy \u00e9ves, amikor a zsebp\u00e9nz\u00e9b\u0151l megvette az els\u0151 hivatalos FTC p\u00e1rtol\u00f3 tags\u00e1gi igazolv\u00e1ny\u00e1t.<\/p>\n<p>Nagyon kor\u00e1n felismerte, hogy \u00fczleti v\u00e1llalkoz\u00e1s\u00e1val seg\u00edtheti a kedvenc csapat\u00e1t, s\u0151t azt is, hogy ez\u00e1ltal kedvenc csapata seg\u00edteni tud az \u00fczleti v\u00e1llalkoz\u00e1s\u00e1nak. Egy 1957 \u00f3ta l\u00e9tez\u0151 \u00e9p\u00edt\u0151ipari tervez\u0151 sz\u00f6vetkezetn\u00e9l, ez volt a k\u00e9s\u0151bb sok fradista \u00e1ltal megismert Ybl Tervez\u0151, lett eln\u00f6k. Azon t\u00fal, hogy benzinkutakat, k\u00fcl\u00f6nb\u00f6z\u0151 csarnokokat terveztek, t\u00f6bb sportegyes\u00fclet sportc\u00e9l\u00fa l\u00e9tes\u00edtm\u00e9ny\u00e9nek a megval\u00f3s\u00edt\u00e1s\u00e1ban is k\u00f6zrem\u0171k\u00f6dtek. A rendszerv\u00e1ltoz\u00e1s idej\u00e9n, amikor a magyar sport \u00e1llami gazdas\u00e1gi forr\u00e1sai elapadtak, \u0151 a c\u00e9g\u00e9vel els\u0151k\u00e9nt \u00e1llt be a t\u00e1mogat\u00f3k sor\u00e1ba, hol m\u00e1sutt, mint a Ferencv\u00e1rosi Torna Clubn\u00e1l. Orsz\u00e1gos &#8222;tornacsarnok\u00e9p\u00edt\u00e9si akci\u00f3t&#8221; hirdetett, amelyet meg is tudott val\u00f3s\u00edtani. Nagyon innovat\u00edv eln\u00f6k volt, aki bel\u00e1tta \u00e9s meg\u00e9rtette a marketing \u00fczleti jelent\u0151s\u00e9g\u00e9t \u00e9s fontoss\u00e1g\u00e1t, a saj\u00e1t c\u00e9ge mellett t\u00f6bb partner\u00e9t is sikeresen aj\u00e1nlotta a Fradi szponzorainak sor\u00e1ba. Tev\u00e9kenys\u00e9ge felkeltette a klub vezet\u0151inek a figyelm\u00e9t, \u00edgy 1991-ben felk\u00e9rt\u00e9k, hogy legyen tagja a labdar\u00fag\u00f3 szakoszt\u00e1ly eln\u00f6ks\u00e9g\u00e9nek. Emellett 1992. janu\u00e1rj\u00e1t\u00f3l az Ybl Tervez\u0151 a tekeszakoszt\u00e1ly n\u00e9vad\u00f3 szponzora, Tak\u00e1cs Tibor pedig a szakoszt\u00e1ly eln\u00f6ke lett. J\u00f3 helyre ment a p\u00e9nz, onnant\u00f3l kezdve a tek\u00e9sek minden \u00e9vben nyertek valamilyen c\u00edmet. R\u00e1ad\u00e1sul a futballnak is sikerkorszaka volt, ki ne eml\u00e9kezne az 1992-es, bajnoki c\u00edmig tart\u00f3 nagy tavaszi menetel\u00e9sre vagy m\u00e9g ann\u00e1l is t\u00f6bben az \u00e9ppen harminc \u00e9vvel ezel\u0151tt t\u00f6rt\u00e9nt BL csod\u00e1ra, a csoportk\u00f6rbe jut\u00e1sra. Az a csoda 1996. v\u00e9g\u00e9re kifulladt, a vezet\u00e9st sokan t\u00e1madt\u00e1k, Tak\u00e1cs Tibor is akkor t\u00e1vozott az eln\u00f6ks\u00e9gb\u0151l. T\u00e1vozott, de csak id\u0151legesen, hiszen 2001. \u00e1prilis\u00e1ban visszat\u00e9rt, az eg\u00e9sz klub eln\u00f6ks\u00e9gi tagj\u00e1v\u00e1, egyben aleln\u00f6kk\u00e9 v\u00e1lasztott\u00e1k. Viharos id\u0151k voltak, a gazdas\u00e1gi \u00fatkeres\u00e9s id\u0151szaka, rengeteg vita volt k\u00edv\u00fcl \u00e9s bel\u00fcl egyar\u00e1nt, amelyek oda vezettek, hogy 2002. janu\u00e1rj\u00e1ban t\u00e1vozott klubvezet\u00e9sb\u0151l. A klubvezet\u00e9sb\u0151l igen, de a t\u00e1mogat\u00f3k sor\u00e1b\u00f3l nem, annyi v\u00e1ltoz\u00e1s t\u00f6rt\u00e9nt csak, hogy a tekeszakoszt\u00e1ly helyett a f\u00e9rfi torn\u00e1szok n\u00e9vad\u00f3 t\u00e1mogat\u00f3ja, szem\u00e9ly szerint pedig az eln\u00f6ke lett \u00e9s maradt eg\u00e9szen 2018-ig, amikorra a klub \u00e9s szakoszt\u00e1lyai gazdas\u00e1gi viszonyai m\u00e1r konszolid\u00e1l\u00f3dtak.<\/p>\n<p>B\u00e1r szem\u00e9ly szerint soha nem sportolt a Fradiban, \u00edgy nem lehetett magyar bajnok, \u00e1m az eml\u00edtett szponzor\u00e1ci\u00f3s tev\u00e9kenys\u00e9ge r\u00e9v\u00e9n a tekeszakoszt\u00e1ly 28, m\u00edg a f\u00e9rfi torn\u00e1szok 123 magyar bajnoki c\u00edmet szerzett, a n\u0151i tek\u00e9z\u0151k k\u00e9t alkalommal a Bajnokcsapatok Eur\u00f3pa Kup\u00e1j\u00e1t is megnyert\u00e9k. Eg\u00e9szen biztos, hogy az Ybl Tervez\u0151 \u00e9s szem\u00e9ly szerint Tak\u00e1cs Tibor n\u00e9lk\u00fcl ezek a c\u00edmek ilyen sz\u00e1mban nem sz\u00fclethettek volna meg.<\/p>\n<p>\u00c9s m\u00e9g valami, illetve sok valami, ami nem sz\u00fclethetett volna meg n\u00e9lk\u00fcle, az pedig rengeteg Fradi t\u00e9m\u00e1j\u00fa k\u00f6nyv \u00e9s kiadv\u00e1ny. Igen, mert Tak\u00e1cs Tibort szenved\u00e9lyesen izgatta a m\u00falt kutat\u00e1sa, a hagyom\u00e1nyok \u00e1pol\u00e1sa, ami ut\u00e1n nem meglep\u0151, hogy a klub legend\u00e1s kr\u00f3nik\u00e1s\u00e1val, Nagy B\u00e9l\u00e1val bar\u00e1ti viszonyba ker\u00fclt \u00e9s az \u0151 munk\u00e1j\u00e1t a kiadv\u00e1nyok \u00e9s k\u00f6nyvek kiad\u00e1s\u00e1val t\u00e1mogatta. Bar\u00e1tja hal\u00e1la ut\u00e1n \u00fagy gondolta, a munk\u00e1ja nem halhat meg, azt folytatni kell, \u00edgy l\u00e9trehozta a Nagy B\u00e9la Hagyom\u00e1ny\u0151rz\u0151 Egyes\u00fcletet, amely d\u00f6nt\u0151 r\u00e9szben ferencv\u00e1rosi vonatkoz\u00e1s\u00fa esem\u00e9nyekr\u0151l, a Fradihoz k\u00f6thet\u0151 szem\u00e9lyekr\u0151l eml\u00e9kezett meg, de k\u00e9s\u0151bb nyitott m\u00e1s egyes\u00fcletek nagy sportol\u00f3i fel\u00e9 is, akik valaha dics\u0151s\u00e9get szereztek haz\u00e1nknak.<\/p>\n<p>Megalakul\u00e1s\u00e1t\u00f3l kezdve r\u00e9szt vett az FTC Bar\u00e1ti K\u00f6r\u00e9nek munk\u00e1j\u00e1ban. Nem volt olyan rendezv\u00e9ny, amelyen ne jelent volna meg, olyan is kev\u00e9s, amelyet c\u00e9gei r\u00e9v\u00e9n ne szponzor\u00e1lt volna. Mint ahogy az egyes\u00fclet m\u0171k\u00f6d\u00e9s\u00e9t, annak tagjait el\u0151szeretettel mutatta be a k\u00f6rzeti telev\u00edzi\u00f3kban fut\u00f3, ugyancsak az \u0151 t\u00e1mogat\u00e1s\u00e1val megval\u00f3sult sportm\u0171sorokban.<\/p>\n<p>2015. december 3-\u00e1n az els\u0151k k\u00f6z\u00f6tt kapta meg a Rudas-rend kit\u00fcntet\u0151 c\u00edmet, att\u00f3l a napt\u00f3l kezdve a rend tagjainak \u00e9venk\u00e9nti \u00f6sszej\u00f6vetelei is elv\u00e1laszthatatlanok lettek t\u0151le.<\/p>\n<p>Az \u00e9lete volt a Fradi, s\u00falyos betegs\u00e9ge ellen\u00e9re az utols\u00f3 pillanat\u00e1ig ott volt a m\u00e9rk\u0151z\u00e9seken, hogy szurkoljon kedvenc csapat\u00e1nak, besz\u00e9lgessen a bar\u00e1taival. Sz\u00e1m\u00e1ra ez az utols\u00f3 f\u00f6ldi pillanat 2025. augusztus 14-\u00e9n j\u00f6tt el, akkor hunyta le v\u00e9gleg a szemeit.<\/p>\n","protected":false},"excerpt":{"rendered":"<p>\u00a0Tak\u00e1cs Tibor 1946. december 29-\u00e9n sz\u00fcletett Budapesten.<\/p>\n","protected":false},"author":1,"featured_media":0,"comment_status":"open","ping_status":"open","sticky":false,"template":"","format":"standard","meta":{"_monsterinsights_skip_tracking":false,"_monsterinsights_sitenote_active":false,"_monsterinsights_sitenote_note":"","_monsterinsights_sitenote_category":0,"footnotes":""},"categories":[10,9],"tags":[11,5,28],"class_list":["post-326","post","type-post","status-publish","format-standard","hentry","category-elhunyt-tagok","category-tagok","tag-elhunyt-tagok","tag-tagok","tag-takacs-tibor"],"yoast_head":"<!-- This site is optimized with the Yoast SEO plugin v26.7 - https:\/\/yoast.com\/wordpress\/plugins\/seo\/ -->\n<title>Tak\u00e1cs Tibor - Rudas-rend<\/title>\n<meta name=\"robots\" content=\"index, follow, max-snippet:-1, max-image-preview:large, max-video-preview:-1\" \/>\n<link rel=\"canonical\" href=\"https:\/\/rudasrend.hu\/?p=326\" \/>\n<meta property=\"og:locale\" content=\"hu_HU\" \/>\n<meta property=\"og:type\" content=\"article\" \/>\n<meta property=\"og:title\" content=\"Tak\u00e1cs Tibor - Rudas-rend\" \/>\n<meta property=\"og:description\" content=\"\u00a0Tak\u00e1cs Tibor 1946. december 29-\u00e9n sz\u00fcletett Budapesten.\" \/>\n<meta property=\"og:url\" content=\"https:\/\/rudasrend.hu\/?p=326\" \/>\n<meta property=\"og:site_name\" content=\"Rudas-rend\" \/>\n<meta property=\"article:published_time\" content=\"2025-09-12T13:57:13+00:00\" \/>\n<meta property=\"article:modified_time\" content=\"2025-09-12T14:10:08+00:00\" \/>\n<meta property=\"og:image\" content=\"http:\/\/rudasrend.hu\/wp-content\/uploads\/2025\/09\/Takacs-Tibor-2.jpg\" \/>\n<meta name=\"author\" content=\"Simon S\u00e1ndor\" \/>\n<meta name=\"twitter:card\" content=\"summary_large_image\" \/>\n<meta name=\"twitter:label1\" content=\"Szerz\u0151:\" \/>\n\t<meta name=\"twitter:data1\" content=\"Simon S\u00e1ndor\" \/>\n\t<meta name=\"twitter:label2\" content=\"Becs\u00fclt olvas\u00e1si id\u0151\" \/>\n\t<meta name=\"twitter:data2\" content=\"5 perc\" \/>\n<script type=\"application\/ld+json\" class=\"yoast-schema-graph\">{\"@context\":\"https:\/\/schema.org\",\"@graph\":[{\"@type\":\"Article\",\"@id\":\"https:\/\/rudasrend.hu\/?p=326#article\",\"isPartOf\":{\"@id\":\"https:\/\/rudasrend.hu\/?p=326\"},\"author\":{\"name\":\"Simon S\u00e1ndor\",\"@id\":\"https:\/\/rudasrend.hu\/#\/schema\/person\/513ef7184bc873df647f8195a195bb8b\"},\"headline\":\"Tak\u00e1cs Tibor\",\"datePublished\":\"2025-09-12T13:57:13+00:00\",\"dateModified\":\"2025-09-12T14:10:08+00:00\",\"mainEntityOfPage\":{\"@id\":\"https:\/\/rudasrend.hu\/?p=326\"},\"wordCount\":1094,\"commentCount\":0,\"image\":{\"@id\":\"https:\/\/rudasrend.hu\/?p=326#primaryimage\"},\"thumbnailUrl\":\"http:\/\/rudasrend.hu\/wp-content\/uploads\/2025\/09\/Takacs-Tibor-2.jpg\",\"keywords\":[\"Elhunyt tagok\",\"Tagok\",\"Tak\u00e1cs Tibor\"],\"articleSection\":[\"Elhunyt tagok\",\"Tagok\"],\"inLanguage\":\"hu\",\"potentialAction\":[{\"@type\":\"CommentAction\",\"name\":\"Comment\",\"target\":[\"https:\/\/rudasrend.hu\/?p=326#respond\"]}]},{\"@type\":\"WebPage\",\"@id\":\"https:\/\/rudasrend.hu\/?p=326\",\"url\":\"https:\/\/rudasrend.hu\/?p=326\",\"name\":\"Tak\u00e1cs Tibor - Rudas-rend\",\"isPartOf\":{\"@id\":\"https:\/\/rudasrend.hu\/#website\"},\"primaryImageOfPage\":{\"@id\":\"https:\/\/rudasrend.hu\/?p=326#primaryimage\"},\"image\":{\"@id\":\"https:\/\/rudasrend.hu\/?p=326#primaryimage\"},\"thumbnailUrl\":\"http:\/\/rudasrend.hu\/wp-content\/uploads\/2025\/09\/Takacs-Tibor-2.jpg\",\"datePublished\":\"2025-09-12T13:57:13+00:00\",\"dateModified\":\"2025-09-12T14:10:08+00:00\",\"author\":{\"@id\":\"https:\/\/rudasrend.hu\/#\/schema\/person\/513ef7184bc873df647f8195a195bb8b\"},\"breadcrumb\":{\"@id\":\"https:\/\/rudasrend.hu\/?p=326#breadcrumb\"},\"inLanguage\":\"hu\",\"potentialAction\":[{\"@type\":\"ReadAction\",\"target\":[\"https:\/\/rudasrend.hu\/?p=326\"]}]},{\"@type\":\"ImageObject\",\"inLanguage\":\"hu\",\"@id\":\"https:\/\/rudasrend.hu\/?p=326#primaryimage\",\"url\":\"https:\/\/rudasrend.hu\/wp-content\/uploads\/2025\/09\/Takacs-Tibor-2.jpg\",\"contentUrl\":\"https:\/\/rudasrend.hu\/wp-content\/uploads\/2025\/09\/Takacs-Tibor-2.jpg\",\"width\":205,\"height\":267},{\"@type\":\"BreadcrumbList\",\"@id\":\"https:\/\/rudasrend.hu\/?p=326#breadcrumb\",\"itemListElement\":[{\"@type\":\"ListItem\",\"position\":1,\"name\":\"Home\",\"item\":\"https:\/\/rudasrend.hu\/\"},{\"@type\":\"ListItem\",\"position\":2,\"name\":\"Tak\u00e1cs Tibor\"}]},{\"@type\":\"WebSite\",\"@id\":\"https:\/\/rudasrend.hu\/#website\",\"url\":\"https:\/\/rudasrend.hu\/\",\"name\":\"Rudas-rend\",\"description\":\"\",\"potentialAction\":[{\"@type\":\"SearchAction\",\"target\":{\"@type\":\"EntryPoint\",\"urlTemplate\":\"https:\/\/rudasrend.hu\/?s={search_term_string}\"},\"query-input\":{\"@type\":\"PropertyValueSpecification\",\"valueRequired\":true,\"valueName\":\"search_term_string\"}}],\"inLanguage\":\"hu\"},{\"@type\":\"Person\",\"@id\":\"https:\/\/rudasrend.hu\/#\/schema\/person\/513ef7184bc873df647f8195a195bb8b\",\"name\":\"Simon S\u00e1ndor\",\"image\":{\"@type\":\"ImageObject\",\"inLanguage\":\"hu\",\"@id\":\"https:\/\/rudasrend.hu\/#\/schema\/person\/image\/\",\"url\":\"https:\/\/secure.gravatar.com\/avatar\/01fe8c8dc348b480851caca6505374ee0f2e750eb3c8948d84cf0606abc9c42d?s=96&d=mm&r=g\",\"contentUrl\":\"https:\/\/secure.gravatar.com\/avatar\/01fe8c8dc348b480851caca6505374ee0f2e750eb3c8948d84cf0606abc9c42d?s=96&d=mm&r=g\",\"caption\":\"Simon S\u00e1ndor\"},\"sameAs\":[\"http:\/\/rudasrend.hu\"],\"url\":\"https:\/\/rudasrend.hu\/?author=1\"}]}<\/script>\n<!-- \/ Yoast SEO plugin. -->","yoast_head_json":{"title":"Tak\u00e1cs Tibor - Rudas-rend","robots":{"index":"index","follow":"follow","max-snippet":"max-snippet:-1","max-image-preview":"max-image-preview:large","max-video-preview":"max-video-preview:-1"},"canonical":"https:\/\/rudasrend.hu\/?p=326","og_locale":"hu_HU","og_type":"article","og_title":"Tak\u00e1cs Tibor - Rudas-rend","og_description":"\u00a0Tak\u00e1cs Tibor 1946. december 29-\u00e9n sz\u00fcletett Budapesten.","og_url":"https:\/\/rudasrend.hu\/?p=326","og_site_name":"Rudas-rend","article_published_time":"2025-09-12T13:57:13+00:00","article_modified_time":"2025-09-12T14:10:08+00:00","og_image":[{"url":"http:\/\/rudasrend.hu\/wp-content\/uploads\/2025\/09\/Takacs-Tibor-2.jpg","type":"","width":"","height":""}],"author":"Simon S\u00e1ndor","twitter_card":"summary_large_image","twitter_misc":{"Szerz\u0151:":"Simon S\u00e1ndor","Becs\u00fclt olvas\u00e1si id\u0151":"5 perc"},"schema":{"@context":"https:\/\/schema.org","@graph":[{"@type":"Article","@id":"https:\/\/rudasrend.hu\/?p=326#article","isPartOf":{"@id":"https:\/\/rudasrend.hu\/?p=326"},"author":{"name":"Simon S\u00e1ndor","@id":"https:\/\/rudasrend.hu\/#\/schema\/person\/513ef7184bc873df647f8195a195bb8b"},"headline":"Tak\u00e1cs Tibor","datePublished":"2025-09-12T13:57:13+00:00","dateModified":"2025-09-12T14:10:08+00:00","mainEntityOfPage":{"@id":"https:\/\/rudasrend.hu\/?p=326"},"wordCount":1094,"commentCount":0,"image":{"@id":"https:\/\/rudasrend.hu\/?p=326#primaryimage"},"thumbnailUrl":"http:\/\/rudasrend.hu\/wp-content\/uploads\/2025\/09\/Takacs-Tibor-2.jpg","keywords":["Elhunyt tagok","Tagok","Tak\u00e1cs Tibor"],"articleSection":["Elhunyt tagok","Tagok"],"inLanguage":"hu","potentialAction":[{"@type":"CommentAction","name":"Comment","target":["https:\/\/rudasrend.hu\/?p=326#respond"]}]},{"@type":"WebPage","@id":"https:\/\/rudasrend.hu\/?p=326","url":"https:\/\/rudasrend.hu\/?p=326","name":"Tak\u00e1cs Tibor - Rudas-rend","isPartOf":{"@id":"https:\/\/rudasrend.hu\/#website"},"primaryImageOfPage":{"@id":"https:\/\/rudasrend.hu\/?p=326#primaryimage"},"image":{"@id":"https:\/\/rudasrend.hu\/?p=326#primaryimage"},"thumbnailUrl":"http:\/\/rudasrend.hu\/wp-content\/uploads\/2025\/09\/Takacs-Tibor-2.jpg","datePublished":"2025-09-12T13:57:13+00:00","dateModified":"2025-09-12T14:10:08+00:00","author":{"@id":"https:\/\/rudasrend.hu\/#\/schema\/person\/513ef7184bc873df647f8195a195bb8b"},"breadcrumb":{"@id":"https:\/\/rudasrend.hu\/?p=326#breadcrumb"},"inLanguage":"hu","potentialAction":[{"@type":"ReadAction","target":["https:\/\/rudasrend.hu\/?p=326"]}]},{"@type":"ImageObject","inLanguage":"hu","@id":"https:\/\/rudasrend.hu\/?p=326#primaryimage","url":"https:\/\/rudasrend.hu\/wp-content\/uploads\/2025\/09\/Takacs-Tibor-2.jpg","contentUrl":"https:\/\/rudasrend.hu\/wp-content\/uploads\/2025\/09\/Takacs-Tibor-2.jpg","width":205,"height":267},{"@type":"BreadcrumbList","@id":"https:\/\/rudasrend.hu\/?p=326#breadcrumb","itemListElement":[{"@type":"ListItem","position":1,"name":"Home","item":"https:\/\/rudasrend.hu\/"},{"@type":"ListItem","position":2,"name":"Tak\u00e1cs Tibor"}]},{"@type":"WebSite","@id":"https:\/\/rudasrend.hu\/#website","url":"https:\/\/rudasrend.hu\/","name":"Rudas-rend","description":"","potentialAction":[{"@type":"SearchAction","target":{"@type":"EntryPoint","urlTemplate":"https:\/\/rudasrend.hu\/?s={search_term_string}"},"query-input":{"@type":"PropertyValueSpecification","valueRequired":true,"valueName":"search_term_string"}}],"inLanguage":"hu"},{"@type":"Person","@id":"https:\/\/rudasrend.hu\/#\/schema\/person\/513ef7184bc873df647f8195a195bb8b","name":"Simon S\u00e1ndor","image":{"@type":"ImageObject","inLanguage":"hu","@id":"https:\/\/rudasrend.hu\/#\/schema\/person\/image\/","url":"https:\/\/secure.gravatar.com\/avatar\/01fe8c8dc348b480851caca6505374ee0f2e750eb3c8948d84cf0606abc9c42d?s=96&d=mm&r=g","contentUrl":"https:\/\/secure.gravatar.com\/avatar\/01fe8c8dc348b480851caca6505374ee0f2e750eb3c8948d84cf0606abc9c42d?s=96&d=mm&r=g","caption":"Simon S\u00e1ndor"},"sameAs":["http:\/\/rudasrend.hu"],"url":"https:\/\/rudasrend.hu\/?author=1"}]}},"_links":{"self":[{"href":"https:\/\/rudasrend.hu\/index.php?rest_route=\/wp\/v2\/posts\/326","targetHints":{"allow":["GET"]}}],"collection":[{"href":"https:\/\/rudasrend.hu\/index.php?rest_route=\/wp\/v2\/posts"}],"about":[{"href":"https:\/\/rudasrend.hu\/index.php?rest_route=\/wp\/v2\/types\/post"}],"author":[{"embeddable":true,"href":"https:\/\/rudasrend.hu\/index.php?rest_route=\/wp\/v2\/users\/1"}],"replies":[{"embeddable":true,"href":"https:\/\/rudasrend.hu\/index.php?rest_route=%2Fwp%2Fv2%2Fcomments&post=326"}],"version-history":[{"count":2,"href":"https:\/\/rudasrend.hu\/index.php?rest_route=\/wp\/v2\/posts\/326\/revisions"}],"predecessor-version":[{"id":333,"href":"https:\/\/rudasrend.hu\/index.php?rest_route=\/wp\/v2\/posts\/326\/revisions\/333"}],"wp:attachment":[{"href":"https:\/\/rudasrend.hu\/index.php?rest_route=%2Fwp%2Fv2%2Fmedia&parent=326"}],"wp:term":[{"taxonomy":"category","embeddable":true,"href":"https:\/\/rudasrend.hu\/index.php?rest_route=%2Fwp%2Fv2%2Fcategories&post=326"},{"taxonomy":"post_tag","embeddable":true,"href":"https:\/\/rudasrend.hu\/index.php?rest_route=%2Fwp%2Fv2%2Ftags&post=326"}],"curies":[{"name":"wp","href":"https:\/\/api.w.org\/{rel}","templated":true}]}}