{"id":330,"date":"2025-09-12T16:09:03","date_gmt":"2025-09-12T14:09:03","guid":{"rendered":"http:\/\/rudasrend.hu\/?p=330"},"modified":"2025-09-12T16:11:17","modified_gmt":"2025-09-12T14:11:17","slug":"a-rudas-rend-elo-tagjai-3-2-3-2-2-2-3-2","status":"publish","type":"post","link":"https:\/\/rudasrend.hu\/?p=330","title":{"rendered":"Havasi Mih\u00e1ly"},"content":{"rendered":"<p><strong><img loading=\"lazy\" decoding=\"async\" class=\"alignnone size-full wp-image-331\" src=\"http:\/\/rudasrend.hu\/wp-content\/uploads\/2025\/09\/Havasi-Mihaly-2.jpg\" alt=\"\" width=\"235\" height=\"289\" \/>\u00a0Havasi Mih\u00e1ly<\/strong> 1948. m\u00e1jus 25-\u00e9n sz\u00fcletett Budapesten.<!--more--><\/p>\n<p>M\u00e1r kisgyerekk\u00e9nt a Fradinak szurkolt, pap\u00edron 1959. m\u00e1jus 11-\u00e9n j\u00f6tt el sz\u00e1m\u00e1ra a nagy nap, amikor k\u00e9t h\u00e9ttel a tizenegyedik sz\u00fclet\u00e9snapja el\u0151tt leigazolta \u0151t \u00e1lmai csapata. Az igazol\u00e1st k\u00e9zilabd\u00e1ban \u00e1ll\u00edtott\u00e1k ki, mivel a kisfi\u00fa m\u00e1r az \u00e1ltal\u00e1nos iskol\u00e1ban j\u00f3l k\u00e9zilabd\u00e1zott \u00e9s a tehets\u00e9g\u00e9re felfigyeltek az FTC k\u00e9zilabda szakoszt\u00e1ly\u00e1nak szakemberei. Ett\u0151l a napt\u00f3l kezdve eg\u00e9szen 1977-ig a k\u00e9zilabda k\u00f6r\u00fcl forgott az \u00e9lete. A Fradiban v\u00e9gigment az ut\u00e1np\u00f3tl\u00e1s rangl\u00e9tr\u00e1n, j\u00f3 fizikum\u00fa be\u00e1ll\u00f3 volt, 1967-ben m\u00e1r az orsz\u00e1gos ut\u00e1np\u00f3tl\u00e1s keretben sz\u00e1moltak vele. 1969-ben egy esztend\u0151re \u201ekiszak\u00edtott\u00e1k\u201d szeretett k\u00f6zeg\u00e9b\u0151l, sorkatonak\u00e9nt egy katonacsapatban kellett j\u00e1tszania. 1970-ben m\u00e1r \u00fajra az FTC csapat\u00e1t er\u0151s\u00edtette, tagja volt az NB I\/B bajnoks\u00e1g\u00e1t megnyer\u0151 csapatnak, amely n\u00e9gy \u00e9v ut\u00e1n \u00fajra visszajutott az \u00e9lvonalba. Innent\u0151l kezdve h\u00e9t \u00e9vig az els\u0151 oszt\u00e1lyban dobta a g\u00f3lokat Havasi Mih\u00e1ly. Biztos kez\u0171 h\u00e9tm\u00e9teres dob\u00f3nak sz\u00e1m\u00edtott, ezt a feladatot rendre r\u00e1b\u00edzt\u00e1k \u00e9s \u0151 eleny\u00e9sz\u0151 hibasz\u00e1zal\u00e9kkal \u00e9rt\u00e9kes\u00edtette a lehet\u0151s\u00e9geit. 1974-ben \u0151 kapta meg az egyes\u00fclet sportszer\u0171s\u00e9gi v\u00e1ndord\u00edj\u00e1t. Ez az \u00e9v egy m\u00e1sik alkalom aprop\u00f3j\u00e1n is eml\u00e9kezetes volt a sz\u00e1m\u00e1ra, m\u00e1jus 19-\u00e9n, az \u00faj stadion avat\u00f3j\u00e1n \u0151 volt az, aki az egyes\u00fclet z\u00e1szlaj\u00e1t \u00fcnnep\u00e9lyes keretek k\u00f6z\u00f6tt az \u00e1rb\u00f3cra h\u00fazhatta.<\/p>\n<p>Ekkoriban kezdett az akt\u00edv sportol\u00e1s mellett m\u00e1ssal is foglalkozni. V\u00e9gzetts\u00e9ge szerint grafikus volt, \u00edgy k\u00e9zenfekv\u0151nek sz\u00e1m\u00edtott, hogy felk\u00e9rt\u00e9k a klub k\u00fcl\u00f6nb\u00f6z\u0151 plak\u00e1tjainak tervez\u00e9s\u00e9re. A szervez\u00e9sben is jeleskedett, gyakran seg\u00edtett Nagy B\u00e9l\u00e1nak, a klub halhatatlan kr\u00f3nik\u00e1s\u00e1nak a munk\u00e1j\u00e1ban. V\u00e9g\u00fcl, amikor 29 esztend\u0151sen, 1977-ben az akt\u00edv k\u00e9zilabd\u00e1z\u00e1s befejez\u00e9se mellett d\u00f6nt\u00f6tt felk\u00e9rt\u00e9k a k\u00e9zilabda szakoszt\u00e1ly vezet\u0151j\u00e9nek. Nem telt el k\u00e9t \u00e9v, amikor 1979-ben j\u00f6tt a k\u00f6vetkez\u0151 nagy ugr\u00e1s, az akkor 31 \u00e9ves Havasi Mih\u00e1lyt a labdar\u00fag\u00f3 szakoszt\u00e1ly technikai vezet\u0151j\u00e9nek k\u00e9rt\u00e9k fel. Havasi Mih\u00e1ly tudatosan k\u00e9sz\u00fclt a szervez\u0151i, vezet\u0151i feladatokra, hiszen grafikusi k\u00e9pzetts\u00e9ge mellett a Testnevel\u00e9si F\u0151iskol\u00e1n sportvezet\u0151i szakot is v\u00e9gzett, nyelveket tanult.<\/p>\n<p>1979-t\u0151l 1987-ig nyolc igen kem\u00e9ny, mondhatjuk forr\u00f3 \u00e9v k\u00f6vetkezett a sz\u00e1m\u00e1ra, hiszen a Fradi futballcsapat\u00e1nak az \u00fcgyeit int\u00e9zni sosem volt egyszer\u0171 feladat. Rengeteg utaz\u00e1s, t\u00e1rgyal\u00e1s, szervez\u00e9s jellemezte ezt a munkak\u00f6rt, amelyet Havasi Mih\u00e1ly hihetetlen k\u00f6nnyeds\u00e9ggel \u00e9s eleganci\u00e1val l\u00e1tott el. Igen, az eleganci\u00e1r\u00f3l is meg kell eml\u00e9kezni, hiszen a v\u00e9djegy\u00e9v\u00e9 v\u00e1lt a mindig eleg\u00e1ns viselet, \u0151t nyakkend\u0151 n\u00e9lk\u00fcl sohasem l\u00e1tt\u00e1k, a megjelen\u00e9s\u00e9vel is megadta a m\u00f3dj\u00e1t annak, hogy Magyarorsz\u00e1g legn\u00e9pszer\u0171bb klubj\u00e1nak az \u00e9rdekeit k\u00e9pviseli. Munk\u00e1ja sor\u00e1n tekint\u00e9lyes id\u0151t t\u00f6lt\u00f6tt a Fradi \u00fcgyeit int\u00e9zve a Magyar Labdar\u00fag\u00f3 Sz\u00f6vets\u00e9gben, \u00edgy egy\u00e1ltal\u00e1n nem csoda, ha ott is felfigyeltek a munk\u00e1j\u00e1ra, odaad\u00e1s\u00e1ra, kitart\u00e1s\u00e1ra \u00e9s felk\u00e9rt\u00e9k, legyen az MLSZ, azon bel\u00fcl is a v\u00e1logatott csapatok titk\u00e1ra, dolgozzon imm\u00e1r az eg\u00e9sz magyar labdar\u00fag\u00e1s\u00e9rt. A Fradiban egy tehets\u00e9ges fiatalembernek, Magyar Zolt\u00e1nnak adta \u00e1t a staf\u00e9tabotot. N\u00e9gy esztend\u0151 ut\u00e1n azt\u00e1n \u201evisszacsere\u201d t\u00f6rt\u00e9nt, Magyar Zolt\u00e1n t\u00e1vozott, az egyes\u00fclet vezet\u00e9se Havasi Mih\u00e1lyt h\u00edvta vissza, aki nem sokat hezit\u00e1lt, j\u00f6tt, \u00fajra \u0151 lett a Fradi labdar\u00fag\u00f3k mindennapi \u00fcgyeinek int\u00e9z\u0151je, a technikai vezet\u0151. Ezt a posztot a sajt\u00f3ban megsz\u00e1ml\u00e1lhatatlan n\u00e9vvel illett\u00e9k, volt \u0151 a szakoszt\u00e1ly titk\u00e1ra, igazgat\u00f3ja, vezet\u0151je, eln\u00f6ke, menedzsere, \u00e1m a l\u00e9nyeg mindig ugyanaz volt, a rengeteg munka a labdar\u00fag\u00f3k min\u00e9l nagyobb sikere \u00e9rdek\u00e9ben. Sikerekben pedig nem volt hi\u00e1ny, ki ne eml\u00e9kezne az 1992-es dics\u0151s\u00e9ges, bajnoki c\u00edmig tart\u00f3 tavaszi menetel\u00e9sre, az 1995. \u0151szi p\u00e1rj\u00e1t ritk\u00edt\u00f3 BL-csod\u00e1ra, amelyeknek, ha nem is a p\u00e1ly\u00e1n, de a kulissz\u00e1k m\u00f6g\u00f6tt tev\u00e9keny r\u00e9szese volt Havasi Mih\u00e1ly. Posztj\u00e1b\u00f3l ad\u00f3d\u00f3an a sikerek mellett volt r\u00e9sze kev\u00e9sb\u00e9 kellemes dolgokban, kudarcokban is, ami\u00e9rt gyakran n\u00e9pharaggal kellett szemben\u00e9znie. Ez ut\u00f3bbiak k\u00f6z\u00fcl k\u00e9ts\u00e9get kiz\u00e1r\u00f3an a legeml\u00e9kezetesebbek az 1996 \u0151szi esem\u00e9nyek, amikor az egy \u00e9vvel kor\u00e1bbi BL-csod\u00e1t nem siker\u00fclt megism\u00e9telni, s\u0151t sz\u00e9tesett a csapat, mindenki a kor\u00e1bban keresett sok p\u00e9nzt kereste. Havasi Mih\u00e1ly elmondta, a sikerekhez vezet\u0151 \u00faton rengeteg ad\u00f3ss\u00e1ga is volt a klubnak, azokat is rendezni kellett, \u00e1m a k\u00f6zv\u00e9lem\u00e9ny nem hitt neki, Sz\u00edv\u00f3s Istv\u00e1n \u00fcgyvezet\u0151 eln\u00f6kkel egy\u00fctt b\u0171nbaknak ki\u00e1ltott\u00e1k ki, t\u00e1vozni k\u00e9nyszer\u00fclt a labdar\u00fag\u00f3k napi \u00fcgyeinek int\u00e9z\u00e9s\u00e9t\u0151l. T\u00e1voz\u00e1sa ut\u00e1n nem kevesebb, mint h\u00e9t klub kereste meg, hogy foglalkozzon a dolgaikkal, \u00e1m \u0151 mindegyiket kikosarazta. Helyette megszerezte a FIFA-licences menedzseri k\u00e9pes\u00edt\u00e9st, amellyel a nemzetk\u00f6zi j\u00e1t\u00e9kospiacon is k\u00e9pviselhette a vele szerz\u0151d\u0151 j\u00e1t\u00e9kosok \u00e9rdekeit.<\/p>\n<p>T\u00f6bb mint t\u00edz \u00e9vig dolgozott m\u00e9g elismert menedzserk\u00e9nt, majd nyugd\u00edjask\u00e9nt \u00fajra a Fradi t\u00f6lt\u00f6tte ki \u00e9s tette teljess\u00e9 a mindennapjait. Elj\u00e1rt az FTC Bar\u00e1ti K\u00f6r\u00e9nek rendezv\u00e9nyeire, 2015. december\u00e9ben az els\u0151k k\u00f6z\u00f6tt lett a Rudas-rend kit\u00fcntetettje, minden \u00e9rdekelte, ami a Fradival volt kapcsolatos, minden\u00fctt igyekezett szolg\u00e1lni ezt a klubot, amelyr\u0151l \u00edgy nyilatkozott:<\/p>\n<p>\u201eMinden perc, amit a Fradiban t\u00f6lthettem, az csod\u00e1latos volt. J\u00e1t\u00e9kosk\u00e9nt \u00e9s vezet\u0151k\u00e9nt is egyar\u00e1nt. Mostans\u00e1g is bej\u00e1rok, j\u00f3ban vagyok mindenkivel. A fradizmus nagyon sokat jelent sz\u00e1momra.\u201d<\/p>\n<p>2025. augusztus 31-\u00e9n t\u00e1vozott az \u00e9l\u0151k sor\u00e1b\u00f3l.<\/p>\n<p>&nbsp;<\/p>\n","protected":false},"excerpt":{"rendered":"<p>\u00a0Havasi Mih\u00e1ly 1948. m\u00e1jus 25-\u00e9n sz\u00fcletett Budapesten.<\/p>\n","protected":false},"author":1,"featured_media":0,"comment_status":"open","ping_status":"open","sticky":false,"template":"","format":"standard","meta":{"_monsterinsights_skip_tracking":false,"_monsterinsights_sitenote_active":false,"_monsterinsights_sitenote_note":"","_monsterinsights_sitenote_category":0,"footnotes":""},"categories":[10,9],"tags":[11,27,5],"class_list":["post-330","post","type-post","status-publish","format-standard","hentry","category-elhunyt-tagok","category-tagok","tag-elhunyt-tagok","tag-havasi-mihaly","tag-tagok"],"yoast_head":"<!-- This site is optimized with the Yoast SEO plugin v26.7 - https:\/\/yoast.com\/wordpress\/plugins\/seo\/ -->\n<title>Havasi Mih\u00e1ly - Rudas-rend<\/title>\n<meta name=\"robots\" content=\"index, follow, max-snippet:-1, max-image-preview:large, max-video-preview:-1\" \/>\n<link rel=\"canonical\" href=\"http:\/\/rudasrend.hu\/?p=330\" \/>\n<meta property=\"og:locale\" content=\"hu_HU\" \/>\n<meta property=\"og:type\" content=\"article\" \/>\n<meta property=\"og:title\" content=\"Havasi Mih\u00e1ly - Rudas-rend\" \/>\n<meta property=\"og:description\" content=\"\u00a0Havasi Mih\u00e1ly 1948. m\u00e1jus 25-\u00e9n sz\u00fcletett Budapesten.\" \/>\n<meta property=\"og:url\" content=\"http:\/\/rudasrend.hu\/?p=330\" \/>\n<meta property=\"og:site_name\" content=\"Rudas-rend\" \/>\n<meta property=\"article:published_time\" content=\"2025-09-12T14:09:03+00:00\" \/>\n<meta property=\"article:modified_time\" content=\"2025-09-12T14:11:17+00:00\" \/>\n<meta property=\"og:image\" content=\"http:\/\/rudasrend.hu\/wp-content\/uploads\/2025\/09\/Havasi-Mihaly-2.jpg\" \/>\n<meta name=\"author\" content=\"Simon S\u00e1ndor\" \/>\n<meta name=\"twitter:card\" content=\"summary_large_image\" \/>\n<meta name=\"twitter:label1\" content=\"Szerz\u0151:\" \/>\n\t<meta name=\"twitter:data1\" content=\"Simon S\u00e1ndor\" \/>\n\t<meta name=\"twitter:label2\" content=\"Becs\u00fclt olvas\u00e1si id\u0151\" \/>\n\t<meta name=\"twitter:data2\" content=\"5 perc\" \/>\n<script type=\"application\/ld+json\" class=\"yoast-schema-graph\">{\"@context\":\"https:\/\/schema.org\",\"@graph\":[{\"@type\":\"Article\",\"@id\":\"http:\/\/rudasrend.hu\/?p=330#article\",\"isPartOf\":{\"@id\":\"http:\/\/rudasrend.hu\/?p=330\"},\"author\":{\"name\":\"Simon S\u00e1ndor\",\"@id\":\"https:\/\/rudasrend.hu\/#\/schema\/person\/513ef7184bc873df647f8195a195bb8b\"},\"headline\":\"Havasi Mih\u00e1ly\",\"datePublished\":\"2025-09-12T14:09:03+00:00\",\"dateModified\":\"2025-09-12T14:11:17+00:00\",\"mainEntityOfPage\":{\"@id\":\"http:\/\/rudasrend.hu\/?p=330\"},\"wordCount\":1107,\"commentCount\":0,\"image\":{\"@id\":\"http:\/\/rudasrend.hu\/?p=330#primaryimage\"},\"thumbnailUrl\":\"http:\/\/rudasrend.hu\/wp-content\/uploads\/2025\/09\/Havasi-Mihaly-2.jpg\",\"keywords\":[\"Elhunyt tagok\",\"Havasi Mih\u00e1ly\",\"Tagok\"],\"articleSection\":[\"Elhunyt tagok\",\"Tagok\"],\"inLanguage\":\"hu\",\"potentialAction\":[{\"@type\":\"CommentAction\",\"name\":\"Comment\",\"target\":[\"http:\/\/rudasrend.hu\/?p=330#respond\"]}]},{\"@type\":\"WebPage\",\"@id\":\"http:\/\/rudasrend.hu\/?p=330\",\"url\":\"http:\/\/rudasrend.hu\/?p=330\",\"name\":\"Havasi Mih\u00e1ly - Rudas-rend\",\"isPartOf\":{\"@id\":\"https:\/\/rudasrend.hu\/#website\"},\"primaryImageOfPage\":{\"@id\":\"http:\/\/rudasrend.hu\/?p=330#primaryimage\"},\"image\":{\"@id\":\"http:\/\/rudasrend.hu\/?p=330#primaryimage\"},\"thumbnailUrl\":\"http:\/\/rudasrend.hu\/wp-content\/uploads\/2025\/09\/Havasi-Mihaly-2.jpg\",\"datePublished\":\"2025-09-12T14:09:03+00:00\",\"dateModified\":\"2025-09-12T14:11:17+00:00\",\"author\":{\"@id\":\"https:\/\/rudasrend.hu\/#\/schema\/person\/513ef7184bc873df647f8195a195bb8b\"},\"breadcrumb\":{\"@id\":\"http:\/\/rudasrend.hu\/?p=330#breadcrumb\"},\"inLanguage\":\"hu\",\"potentialAction\":[{\"@type\":\"ReadAction\",\"target\":[\"http:\/\/rudasrend.hu\/?p=330\"]}]},{\"@type\":\"ImageObject\",\"inLanguage\":\"hu\",\"@id\":\"http:\/\/rudasrend.hu\/?p=330#primaryimage\",\"url\":\"https:\/\/rudasrend.hu\/wp-content\/uploads\/2025\/09\/Havasi-Mihaly-2.jpg\",\"contentUrl\":\"https:\/\/rudasrend.hu\/wp-content\/uploads\/2025\/09\/Havasi-Mihaly-2.jpg\",\"width\":235,\"height\":289},{\"@type\":\"BreadcrumbList\",\"@id\":\"http:\/\/rudasrend.hu\/?p=330#breadcrumb\",\"itemListElement\":[{\"@type\":\"ListItem\",\"position\":1,\"name\":\"Home\",\"item\":\"https:\/\/rudasrend.hu\/\"},{\"@type\":\"ListItem\",\"position\":2,\"name\":\"Havasi Mih\u00e1ly\"}]},{\"@type\":\"WebSite\",\"@id\":\"https:\/\/rudasrend.hu\/#website\",\"url\":\"https:\/\/rudasrend.hu\/\",\"name\":\"Rudas-rend\",\"description\":\"\",\"potentialAction\":[{\"@type\":\"SearchAction\",\"target\":{\"@type\":\"EntryPoint\",\"urlTemplate\":\"https:\/\/rudasrend.hu\/?s={search_term_string}\"},\"query-input\":{\"@type\":\"PropertyValueSpecification\",\"valueRequired\":true,\"valueName\":\"search_term_string\"}}],\"inLanguage\":\"hu\"},{\"@type\":\"Person\",\"@id\":\"https:\/\/rudasrend.hu\/#\/schema\/person\/513ef7184bc873df647f8195a195bb8b\",\"name\":\"Simon S\u00e1ndor\",\"image\":{\"@type\":\"ImageObject\",\"inLanguage\":\"hu\",\"@id\":\"https:\/\/rudasrend.hu\/#\/schema\/person\/image\/\",\"url\":\"https:\/\/secure.gravatar.com\/avatar\/01fe8c8dc348b480851caca6505374ee0f2e750eb3c8948d84cf0606abc9c42d?s=96&d=mm&r=g\",\"contentUrl\":\"https:\/\/secure.gravatar.com\/avatar\/01fe8c8dc348b480851caca6505374ee0f2e750eb3c8948d84cf0606abc9c42d?s=96&d=mm&r=g\",\"caption\":\"Simon S\u00e1ndor\"},\"sameAs\":[\"http:\/\/rudasrend.hu\"],\"url\":\"https:\/\/rudasrend.hu\/?author=1\"}]}<\/script>\n<!-- \/ Yoast SEO plugin. -->","yoast_head_json":{"title":"Havasi Mih\u00e1ly - Rudas-rend","robots":{"index":"index","follow":"follow","max-snippet":"max-snippet:-1","max-image-preview":"max-image-preview:large","max-video-preview":"max-video-preview:-1"},"canonical":"http:\/\/rudasrend.hu\/?p=330","og_locale":"hu_HU","og_type":"article","og_title":"Havasi Mih\u00e1ly - Rudas-rend","og_description":"\u00a0Havasi Mih\u00e1ly 1948. m\u00e1jus 25-\u00e9n sz\u00fcletett Budapesten.","og_url":"http:\/\/rudasrend.hu\/?p=330","og_site_name":"Rudas-rend","article_published_time":"2025-09-12T14:09:03+00:00","article_modified_time":"2025-09-12T14:11:17+00:00","og_image":[{"url":"http:\/\/rudasrend.hu\/wp-content\/uploads\/2025\/09\/Havasi-Mihaly-2.jpg","type":"","width":"","height":""}],"author":"Simon S\u00e1ndor","twitter_card":"summary_large_image","twitter_misc":{"Szerz\u0151:":"Simon S\u00e1ndor","Becs\u00fclt olvas\u00e1si id\u0151":"5 perc"},"schema":{"@context":"https:\/\/schema.org","@graph":[{"@type":"Article","@id":"http:\/\/rudasrend.hu\/?p=330#article","isPartOf":{"@id":"http:\/\/rudasrend.hu\/?p=330"},"author":{"name":"Simon S\u00e1ndor","@id":"https:\/\/rudasrend.hu\/#\/schema\/person\/513ef7184bc873df647f8195a195bb8b"},"headline":"Havasi Mih\u00e1ly","datePublished":"2025-09-12T14:09:03+00:00","dateModified":"2025-09-12T14:11:17+00:00","mainEntityOfPage":{"@id":"http:\/\/rudasrend.hu\/?p=330"},"wordCount":1107,"commentCount":0,"image":{"@id":"http:\/\/rudasrend.hu\/?p=330#primaryimage"},"thumbnailUrl":"http:\/\/rudasrend.hu\/wp-content\/uploads\/2025\/09\/Havasi-Mihaly-2.jpg","keywords":["Elhunyt tagok","Havasi Mih\u00e1ly","Tagok"],"articleSection":["Elhunyt tagok","Tagok"],"inLanguage":"hu","potentialAction":[{"@type":"CommentAction","name":"Comment","target":["http:\/\/rudasrend.hu\/?p=330#respond"]}]},{"@type":"WebPage","@id":"http:\/\/rudasrend.hu\/?p=330","url":"http:\/\/rudasrend.hu\/?p=330","name":"Havasi Mih\u00e1ly - Rudas-rend","isPartOf":{"@id":"https:\/\/rudasrend.hu\/#website"},"primaryImageOfPage":{"@id":"http:\/\/rudasrend.hu\/?p=330#primaryimage"},"image":{"@id":"http:\/\/rudasrend.hu\/?p=330#primaryimage"},"thumbnailUrl":"http:\/\/rudasrend.hu\/wp-content\/uploads\/2025\/09\/Havasi-Mihaly-2.jpg","datePublished":"2025-09-12T14:09:03+00:00","dateModified":"2025-09-12T14:11:17+00:00","author":{"@id":"https:\/\/rudasrend.hu\/#\/schema\/person\/513ef7184bc873df647f8195a195bb8b"},"breadcrumb":{"@id":"http:\/\/rudasrend.hu\/?p=330#breadcrumb"},"inLanguage":"hu","potentialAction":[{"@type":"ReadAction","target":["http:\/\/rudasrend.hu\/?p=330"]}]},{"@type":"ImageObject","inLanguage":"hu","@id":"http:\/\/rudasrend.hu\/?p=330#primaryimage","url":"https:\/\/rudasrend.hu\/wp-content\/uploads\/2025\/09\/Havasi-Mihaly-2.jpg","contentUrl":"https:\/\/rudasrend.hu\/wp-content\/uploads\/2025\/09\/Havasi-Mihaly-2.jpg","width":235,"height":289},{"@type":"BreadcrumbList","@id":"http:\/\/rudasrend.hu\/?p=330#breadcrumb","itemListElement":[{"@type":"ListItem","position":1,"name":"Home","item":"https:\/\/rudasrend.hu\/"},{"@type":"ListItem","position":2,"name":"Havasi Mih\u00e1ly"}]},{"@type":"WebSite","@id":"https:\/\/rudasrend.hu\/#website","url":"https:\/\/rudasrend.hu\/","name":"Rudas-rend","description":"","potentialAction":[{"@type":"SearchAction","target":{"@type":"EntryPoint","urlTemplate":"https:\/\/rudasrend.hu\/?s={search_term_string}"},"query-input":{"@type":"PropertyValueSpecification","valueRequired":true,"valueName":"search_term_string"}}],"inLanguage":"hu"},{"@type":"Person","@id":"https:\/\/rudasrend.hu\/#\/schema\/person\/513ef7184bc873df647f8195a195bb8b","name":"Simon S\u00e1ndor","image":{"@type":"ImageObject","inLanguage":"hu","@id":"https:\/\/rudasrend.hu\/#\/schema\/person\/image\/","url":"https:\/\/secure.gravatar.com\/avatar\/01fe8c8dc348b480851caca6505374ee0f2e750eb3c8948d84cf0606abc9c42d?s=96&d=mm&r=g","contentUrl":"https:\/\/secure.gravatar.com\/avatar\/01fe8c8dc348b480851caca6505374ee0f2e750eb3c8948d84cf0606abc9c42d?s=96&d=mm&r=g","caption":"Simon S\u00e1ndor"},"sameAs":["http:\/\/rudasrend.hu"],"url":"https:\/\/rudasrend.hu\/?author=1"}]}},"_links":{"self":[{"href":"https:\/\/rudasrend.hu\/index.php?rest_route=\/wp\/v2\/posts\/330","targetHints":{"allow":["GET"]}}],"collection":[{"href":"https:\/\/rudasrend.hu\/index.php?rest_route=\/wp\/v2\/posts"}],"about":[{"href":"https:\/\/rudasrend.hu\/index.php?rest_route=\/wp\/v2\/types\/post"}],"author":[{"embeddable":true,"href":"https:\/\/rudasrend.hu\/index.php?rest_route=\/wp\/v2\/users\/1"}],"replies":[{"embeddable":true,"href":"https:\/\/rudasrend.hu\/index.php?rest_route=%2Fwp%2Fv2%2Fcomments&post=330"}],"version-history":[{"count":2,"href":"https:\/\/rudasrend.hu\/index.php?rest_route=\/wp\/v2\/posts\/330\/revisions"}],"predecessor-version":[{"id":334,"href":"https:\/\/rudasrend.hu\/index.php?rest_route=\/wp\/v2\/posts\/330\/revisions\/334"}],"wp:attachment":[{"href":"https:\/\/rudasrend.hu\/index.php?rest_route=%2Fwp%2Fv2%2Fmedia&parent=330"}],"wp:term":[{"taxonomy":"category","embeddable":true,"href":"https:\/\/rudasrend.hu\/index.php?rest_route=%2Fwp%2Fv2%2Fcategories&post=330"},{"taxonomy":"post_tag","embeddable":true,"href":"https:\/\/rudasrend.hu\/index.php?rest_route=%2Fwp%2Fv2%2Ftags&post=330"}],"curies":[{"name":"wp","href":"https:\/\/api.w.org\/{rel}","templated":true}]}}