{"id":341,"date":"2025-10-04T10:05:40","date_gmt":"2025-10-04T08:05:40","guid":{"rendered":"http:\/\/rudasrend.hu\/?p=341"},"modified":"2025-10-04T10:05:40","modified_gmt":"2025-10-04T08:05:40","slug":"a-rudas-rend","status":"publish","type":"post","link":"https:\/\/rudasrend.hu\/?p=341","title":{"rendered":"Koreln\u00f6k\u00fcnkt\u0151l b\u00facs\u00fazunk"},"content":{"rendered":"<p><strong><img loading=\"lazy\" decoding=\"async\" class=\"alignnone size-medium wp-image-342\" src=\"http:\/\/rudasrend.hu\/wp-content\/uploads\/2025\/10\/Kopeczky-Lajos-212x300.jpg\" alt=\"\" width=\"212\" height=\"300\" srcset=\"https:\/\/rudasrend.hu\/wp-content\/uploads\/2025\/10\/Kopeczky-Lajos-212x300.jpg 212w, https:\/\/rudasrend.hu\/wp-content\/uploads\/2025\/10\/Kopeczky-Lajos.jpg 417w\" sizes=\"auto, (max-width: 212px) 100vw, 212px\" \/>\u00a0<\/strong>Elhunyt a Rudas-rend koreln\u00f6ke, <strong>Kopeczky Lajos<\/strong>.<br \/>\n<!--more--><\/p>\n<p>Koreln\u00f6k. A sz\u00f3ban benne van minden. Egy tiszts\u00e9g, amelyet a kor hat\u00e1roz meg. Rend\u00fcnk szab\u00e1lyai szerint n\u00e1lunk is a koreln\u00f6k a legmagasabb tiszts\u00e9g. Kopeczky Lajos, rend\u00fcnk alap\u00edt\u00f3 tagja, a m\u00e1sodik koreln\u00f6k volt a sorban, Peth\u0151 Zolt\u00e1n hal\u00e1la ut\u00e1n, 2021. febru\u00e1r 10-\u00e9n sz\u00e1llt re\u00e1 ez a tiszts\u00e9g. \u0150 pedig b\u00fcszk\u00e9n viselte eg\u00e9szen a 2025. okt\u00f3ber 3-\u00e1n bek\u00f6vetkezett hal\u00e1l\u00e1ig.<\/p>\n<p>Akt\u00edv koreln\u00f6k volt, aki megjelent a Rend \u00f6sszej\u00f6vetelein, tan\u00e1csaira, megl\u00e1t\u00e1saira mindig bizton lehetett sz\u00e1m\u00edtani. Mi pedig, ittuk a szavait egy olyan embernek, aki m\u0171velts\u00e9g\u00e9vel, tud\u00e1sszintj\u00e9vel mindenkit leny\u0171g\u00f6z\u00f6tt. Ezen tulajdons\u00e1gain\u00e1l t\u00e1n csak egy, a szer\u00e9nys\u00e9ge volt nagyobb. Sosem k\u00e9rkedett azzal amit tudott, b\u00e1r b\u0151ven lett volna mivel, hiszen \u00e9p\u00edt\u00e9szm\u00e9rn\u00f6kk\u00e9nt, zen\u00e9szk\u00e9nt, k\u00f6z\u00e9leti emberk\u00e9nt is p\u00e1ratlan \u00e9letm\u0171vet hozott l\u00e9re, nem besz\u00e9lve a sz\u00e1m\u00e1ra val\u00f3di orsz\u00e1gos ismerets\u00e9get hoz\u00f3 telev\u00edzi\u00f3s munk\u00e1r\u00f3l. Mindene volt a csal\u00e1d, \u00fagy a sz\u0171kebb val\u00f3di csal\u00e1dja, mint a sokkal nagyobb Fradi-csal\u00e1d. \u00d3vta, seg\u00edtette, t\u00e1mogatta mindkett\u0151t. Az FTC Bar\u00e1ti K\u00f6r\u00e9nek a munk\u00e1j\u00e1ba m\u00e1r a kezdetekt\u0151l bekapcsol\u00f3dott, k\u00fcl\u00f6nb\u00f6z\u0151 szakter\u00fcleteken lehetett a tan\u00e1csaira sz\u00e1m\u00edtani. Nem v\u00e9letlen, hogy a vil\u00e1gon egyed\u00fcl\u00e1ll\u00f3 Rudas-rend l\u00e9trehoz\u00e1sakor az alap\u00edt\u00f3 Rudas Ferenc az els\u0151k k\u00f6z\u00f6tt gondolt az \u0151 nev\u00e9re. Kopeczky Lajos nagyon b\u00fcszke volt Rudas-rendbeli tags\u00e1g\u00e1ra, szinte nem tudtak r\u00f3la olyan fot\u00f3t k\u00e9sz\u00edteni, amelyen ne l\u00e1tsz\u00f3dott volna a kab\u00e1tj\u00e1n a Rend jelv\u00e9nye. Az a jelv\u00e9ny, amelyet imm\u00e1r koreln\u00f6kk\u00e9nt \u0151 is \u00e1tadott h\u00e1rom \u00faj tagunknak. A J\u00f3isten \u00fagy d\u00f6nt\u00f6tt, a j\u00f6v\u0151ben ezt a feladatot m\u00e1sra, a k\u00f6vetkez\u0151 koreln\u00f6kre ruh\u00e1zza.<\/p>\n<p>Nagyon neh\u00e9z Kopeczky Lajos m\u00e9ltat\u00e1s\u00e1hoz a megfelel\u0151 szavakat megtal\u00e1lni, m\u00e9g nehezebb t\u0151le b\u00facs\u00fazni. Egy biztos, mi akik itt maradtunk mindannyian \u00f6r\u00fcl\u00fcnk, hogy abban a megtiszteltet\u00e9sben volt r\u00e9sz\u00fcnk, hogy vele egy k\u00f6z\u00f6ss\u00e9gben lehett\u00fcnk, vele besz\u00e9lgethett\u00fcnk. Nyugodj b\u00e9k\u00e9ben Lajos, \u00f6r\u00f6kk\u00e9 eml\u00e9kezni fogunk r\u00e1d!<\/p>\n","protected":false},"excerpt":{"rendered":"<p>\u00a0Elhunyt a Rudas-rend koreln\u00f6ke, Kopeczky Lajos.<\/p>\n","protected":false},"author":1,"featured_media":0,"comment_status":"open","ping_status":"open","sticky":false,"template":"","format":"standard","meta":{"_monsterinsights_skip_tracking":false,"_monsterinsights_sitenote_active":false,"_monsterinsights_sitenote_note":"","_monsterinsights_sitenote_category":0,"footnotes":""},"categories":[10,9],"tags":[11,29,5],"class_list":["post-341","post","type-post","status-publish","format-standard","hentry","category-elhunyt-tagok","category-tagok","tag-elhunyt-tagok","tag-kopeczky-lajos","tag-tagok"],"yoast_head":"<!-- This site is optimized with the Yoast SEO plugin v26.7 - https:\/\/yoast.com\/wordpress\/plugins\/seo\/ -->\n<title>Koreln\u00f6k\u00fcnkt\u0151l b\u00facs\u00fazunk - Rudas-rend<\/title>\n<meta name=\"robots\" content=\"index, follow, max-snippet:-1, max-image-preview:large, max-video-preview:-1\" \/>\n<link rel=\"canonical\" href=\"http:\/\/rudasrend.hu\/?p=341\" \/>\n<meta property=\"og:locale\" content=\"hu_HU\" \/>\n<meta property=\"og:type\" content=\"article\" \/>\n<meta property=\"og:title\" content=\"Koreln\u00f6k\u00fcnkt\u0151l b\u00facs\u00fazunk - Rudas-rend\" \/>\n<meta property=\"og:description\" content=\"\u00a0Elhunyt a Rudas-rend koreln\u00f6ke, Kopeczky Lajos.\" \/>\n<meta property=\"og:url\" content=\"http:\/\/rudasrend.hu\/?p=341\" \/>\n<meta property=\"og:site_name\" content=\"Rudas-rend\" \/>\n<meta property=\"article:published_time\" content=\"2025-10-04T08:05:40+00:00\" \/>\n<meta property=\"og:image\" content=\"http:\/\/rudasrend.hu\/wp-content\/uploads\/2025\/10\/Kopeczky-Lajos-212x300.jpg\" \/>\n<meta name=\"author\" content=\"Simon S\u00e1ndor\" \/>\n<meta name=\"twitter:card\" content=\"summary_large_image\" \/>\n<meta name=\"twitter:label1\" content=\"Szerz\u0151:\" \/>\n\t<meta name=\"twitter:data1\" content=\"Simon S\u00e1ndor\" \/>\n\t<meta name=\"twitter:label2\" content=\"Becs\u00fclt olvas\u00e1si id\u0151\" \/>\n\t<meta name=\"twitter:data2\" content=\"2 perc\" \/>\n<script type=\"application\/ld+json\" class=\"yoast-schema-graph\">{\"@context\":\"https:\/\/schema.org\",\"@graph\":[{\"@type\":\"Article\",\"@id\":\"http:\/\/rudasrend.hu\/?p=341#article\",\"isPartOf\":{\"@id\":\"http:\/\/rudasrend.hu\/?p=341\"},\"author\":{\"name\":\"Simon S\u00e1ndor\",\"@id\":\"https:\/\/rudasrend.hu\/#\/schema\/person\/513ef7184bc873df647f8195a195bb8b\"},\"headline\":\"Koreln\u00f6k\u00fcnkt\u0151l b\u00facs\u00fazunk\",\"datePublished\":\"2025-10-04T08:05:40+00:00\",\"mainEntityOfPage\":{\"@id\":\"http:\/\/rudasrend.hu\/?p=341\"},\"wordCount\":435,\"commentCount\":0,\"image\":{\"@id\":\"http:\/\/rudasrend.hu\/?p=341#primaryimage\"},\"thumbnailUrl\":\"http:\/\/rudasrend.hu\/wp-content\/uploads\/2025\/10\/Kopeczky-Lajos-212x300.jpg\",\"keywords\":[\"Elhunyt tagok\",\"Kopeczky Lajos\",\"Tagok\"],\"articleSection\":[\"Elhunyt tagok\",\"Tagok\"],\"inLanguage\":\"hu\",\"potentialAction\":[{\"@type\":\"CommentAction\",\"name\":\"Comment\",\"target\":[\"http:\/\/rudasrend.hu\/?p=341#respond\"]}]},{\"@type\":\"WebPage\",\"@id\":\"http:\/\/rudasrend.hu\/?p=341\",\"url\":\"http:\/\/rudasrend.hu\/?p=341\",\"name\":\"Koreln\u00f6k\u00fcnkt\u0151l b\u00facs\u00fazunk - Rudas-rend\",\"isPartOf\":{\"@id\":\"https:\/\/rudasrend.hu\/#website\"},\"primaryImageOfPage\":{\"@id\":\"http:\/\/rudasrend.hu\/?p=341#primaryimage\"},\"image\":{\"@id\":\"http:\/\/rudasrend.hu\/?p=341#primaryimage\"},\"thumbnailUrl\":\"http:\/\/rudasrend.hu\/wp-content\/uploads\/2025\/10\/Kopeczky-Lajos-212x300.jpg\",\"datePublished\":\"2025-10-04T08:05:40+00:00\",\"author\":{\"@id\":\"https:\/\/rudasrend.hu\/#\/schema\/person\/513ef7184bc873df647f8195a195bb8b\"},\"breadcrumb\":{\"@id\":\"http:\/\/rudasrend.hu\/?p=341#breadcrumb\"},\"inLanguage\":\"hu\",\"potentialAction\":[{\"@type\":\"ReadAction\",\"target\":[\"http:\/\/rudasrend.hu\/?p=341\"]}]},{\"@type\":\"ImageObject\",\"inLanguage\":\"hu\",\"@id\":\"http:\/\/rudasrend.hu\/?p=341#primaryimage\",\"url\":\"https:\/\/rudasrend.hu\/wp-content\/uploads\/2025\/10\/Kopeczky-Lajos.jpg\",\"contentUrl\":\"https:\/\/rudasrend.hu\/wp-content\/uploads\/2025\/10\/Kopeczky-Lajos.jpg\",\"width\":417,\"height\":591},{\"@type\":\"BreadcrumbList\",\"@id\":\"http:\/\/rudasrend.hu\/?p=341#breadcrumb\",\"itemListElement\":[{\"@type\":\"ListItem\",\"position\":1,\"name\":\"Home\",\"item\":\"https:\/\/rudasrend.hu\/\"},{\"@type\":\"ListItem\",\"position\":2,\"name\":\"Koreln\u00f6k\u00fcnkt\u0151l b\u00facs\u00fazunk\"}]},{\"@type\":\"WebSite\",\"@id\":\"https:\/\/rudasrend.hu\/#website\",\"url\":\"https:\/\/rudasrend.hu\/\",\"name\":\"Rudas-rend\",\"description\":\"\",\"potentialAction\":[{\"@type\":\"SearchAction\",\"target\":{\"@type\":\"EntryPoint\",\"urlTemplate\":\"https:\/\/rudasrend.hu\/?s={search_term_string}\"},\"query-input\":{\"@type\":\"PropertyValueSpecification\",\"valueRequired\":true,\"valueName\":\"search_term_string\"}}],\"inLanguage\":\"hu\"},{\"@type\":\"Person\",\"@id\":\"https:\/\/rudasrend.hu\/#\/schema\/person\/513ef7184bc873df647f8195a195bb8b\",\"name\":\"Simon S\u00e1ndor\",\"image\":{\"@type\":\"ImageObject\",\"inLanguage\":\"hu\",\"@id\":\"https:\/\/rudasrend.hu\/#\/schema\/person\/image\/\",\"url\":\"https:\/\/secure.gravatar.com\/avatar\/01fe8c8dc348b480851caca6505374ee0f2e750eb3c8948d84cf0606abc9c42d?s=96&d=mm&r=g\",\"contentUrl\":\"https:\/\/secure.gravatar.com\/avatar\/01fe8c8dc348b480851caca6505374ee0f2e750eb3c8948d84cf0606abc9c42d?s=96&d=mm&r=g\",\"caption\":\"Simon S\u00e1ndor\"},\"sameAs\":[\"http:\/\/rudasrend.hu\"],\"url\":\"https:\/\/rudasrend.hu\/?author=1\"}]}<\/script>\n<!-- \/ Yoast SEO plugin. -->","yoast_head_json":{"title":"Koreln\u00f6k\u00fcnkt\u0151l b\u00facs\u00fazunk - Rudas-rend","robots":{"index":"index","follow":"follow","max-snippet":"max-snippet:-1","max-image-preview":"max-image-preview:large","max-video-preview":"max-video-preview:-1"},"canonical":"http:\/\/rudasrend.hu\/?p=341","og_locale":"hu_HU","og_type":"article","og_title":"Koreln\u00f6k\u00fcnkt\u0151l b\u00facs\u00fazunk - Rudas-rend","og_description":"\u00a0Elhunyt a Rudas-rend koreln\u00f6ke, Kopeczky Lajos.","og_url":"http:\/\/rudasrend.hu\/?p=341","og_site_name":"Rudas-rend","article_published_time":"2025-10-04T08:05:40+00:00","og_image":[{"url":"http:\/\/rudasrend.hu\/wp-content\/uploads\/2025\/10\/Kopeczky-Lajos-212x300.jpg","type":"","width":"","height":""}],"author":"Simon S\u00e1ndor","twitter_card":"summary_large_image","twitter_misc":{"Szerz\u0151:":"Simon S\u00e1ndor","Becs\u00fclt olvas\u00e1si id\u0151":"2 perc"},"schema":{"@context":"https:\/\/schema.org","@graph":[{"@type":"Article","@id":"http:\/\/rudasrend.hu\/?p=341#article","isPartOf":{"@id":"http:\/\/rudasrend.hu\/?p=341"},"author":{"name":"Simon S\u00e1ndor","@id":"https:\/\/rudasrend.hu\/#\/schema\/person\/513ef7184bc873df647f8195a195bb8b"},"headline":"Koreln\u00f6k\u00fcnkt\u0151l b\u00facs\u00fazunk","datePublished":"2025-10-04T08:05:40+00:00","mainEntityOfPage":{"@id":"http:\/\/rudasrend.hu\/?p=341"},"wordCount":435,"commentCount":0,"image":{"@id":"http:\/\/rudasrend.hu\/?p=341#primaryimage"},"thumbnailUrl":"http:\/\/rudasrend.hu\/wp-content\/uploads\/2025\/10\/Kopeczky-Lajos-212x300.jpg","keywords":["Elhunyt tagok","Kopeczky Lajos","Tagok"],"articleSection":["Elhunyt tagok","Tagok"],"inLanguage":"hu","potentialAction":[{"@type":"CommentAction","name":"Comment","target":["http:\/\/rudasrend.hu\/?p=341#respond"]}]},{"@type":"WebPage","@id":"http:\/\/rudasrend.hu\/?p=341","url":"http:\/\/rudasrend.hu\/?p=341","name":"Koreln\u00f6k\u00fcnkt\u0151l b\u00facs\u00fazunk - Rudas-rend","isPartOf":{"@id":"https:\/\/rudasrend.hu\/#website"},"primaryImageOfPage":{"@id":"http:\/\/rudasrend.hu\/?p=341#primaryimage"},"image":{"@id":"http:\/\/rudasrend.hu\/?p=341#primaryimage"},"thumbnailUrl":"http:\/\/rudasrend.hu\/wp-content\/uploads\/2025\/10\/Kopeczky-Lajos-212x300.jpg","datePublished":"2025-10-04T08:05:40+00:00","author":{"@id":"https:\/\/rudasrend.hu\/#\/schema\/person\/513ef7184bc873df647f8195a195bb8b"},"breadcrumb":{"@id":"http:\/\/rudasrend.hu\/?p=341#breadcrumb"},"inLanguage":"hu","potentialAction":[{"@type":"ReadAction","target":["http:\/\/rudasrend.hu\/?p=341"]}]},{"@type":"ImageObject","inLanguage":"hu","@id":"http:\/\/rudasrend.hu\/?p=341#primaryimage","url":"https:\/\/rudasrend.hu\/wp-content\/uploads\/2025\/10\/Kopeczky-Lajos.jpg","contentUrl":"https:\/\/rudasrend.hu\/wp-content\/uploads\/2025\/10\/Kopeczky-Lajos.jpg","width":417,"height":591},{"@type":"BreadcrumbList","@id":"http:\/\/rudasrend.hu\/?p=341#breadcrumb","itemListElement":[{"@type":"ListItem","position":1,"name":"Home","item":"https:\/\/rudasrend.hu\/"},{"@type":"ListItem","position":2,"name":"Koreln\u00f6k\u00fcnkt\u0151l b\u00facs\u00fazunk"}]},{"@type":"WebSite","@id":"https:\/\/rudasrend.hu\/#website","url":"https:\/\/rudasrend.hu\/","name":"Rudas-rend","description":"","potentialAction":[{"@type":"SearchAction","target":{"@type":"EntryPoint","urlTemplate":"https:\/\/rudasrend.hu\/?s={search_term_string}"},"query-input":{"@type":"PropertyValueSpecification","valueRequired":true,"valueName":"search_term_string"}}],"inLanguage":"hu"},{"@type":"Person","@id":"https:\/\/rudasrend.hu\/#\/schema\/person\/513ef7184bc873df647f8195a195bb8b","name":"Simon S\u00e1ndor","image":{"@type":"ImageObject","inLanguage":"hu","@id":"https:\/\/rudasrend.hu\/#\/schema\/person\/image\/","url":"https:\/\/secure.gravatar.com\/avatar\/01fe8c8dc348b480851caca6505374ee0f2e750eb3c8948d84cf0606abc9c42d?s=96&d=mm&r=g","contentUrl":"https:\/\/secure.gravatar.com\/avatar\/01fe8c8dc348b480851caca6505374ee0f2e750eb3c8948d84cf0606abc9c42d?s=96&d=mm&r=g","caption":"Simon S\u00e1ndor"},"sameAs":["http:\/\/rudasrend.hu"],"url":"https:\/\/rudasrend.hu\/?author=1"}]}},"_links":{"self":[{"href":"https:\/\/rudasrend.hu\/index.php?rest_route=\/wp\/v2\/posts\/341","targetHints":{"allow":["GET"]}}],"collection":[{"href":"https:\/\/rudasrend.hu\/index.php?rest_route=\/wp\/v2\/posts"}],"about":[{"href":"https:\/\/rudasrend.hu\/index.php?rest_route=\/wp\/v2\/types\/post"}],"author":[{"embeddable":true,"href":"https:\/\/rudasrend.hu\/index.php?rest_route=\/wp\/v2\/users\/1"}],"replies":[{"embeddable":true,"href":"https:\/\/rudasrend.hu\/index.php?rest_route=%2Fwp%2Fv2%2Fcomments&post=341"}],"version-history":[{"count":1,"href":"https:\/\/rudasrend.hu\/index.php?rest_route=\/wp\/v2\/posts\/341\/revisions"}],"predecessor-version":[{"id":343,"href":"https:\/\/rudasrend.hu\/index.php?rest_route=\/wp\/v2\/posts\/341\/revisions\/343"}],"wp:attachment":[{"href":"https:\/\/rudasrend.hu\/index.php?rest_route=%2Fwp%2Fv2%2Fmedia&parent=341"}],"wp:term":[{"taxonomy":"category","embeddable":true,"href":"https:\/\/rudasrend.hu\/index.php?rest_route=%2Fwp%2Fv2%2Fcategories&post=341"},{"taxonomy":"post_tag","embeddable":true,"href":"https:\/\/rudasrend.hu\/index.php?rest_route=%2Fwp%2Fv2%2Ftags&post=341"}],"curies":[{"name":"wp","href":"https:\/\/api.w.org\/{rel}","templated":true}]}}